{"id":543107,"date":"2025-11-01T15:26:16","date_gmt":"2025-11-01T15:26:16","guid":{"rendered":"https:\/\/www.europesays.com\/de\/543107\/"},"modified":"2025-11-01T15:26:16","modified_gmt":"2025-11-01T15:26:16","slug":"handelsstreit-kanadas-premierminister-carney-entschuldigt-sich-bei-trump","status":"publish","type":"post","link":"https:\/\/www.europesays.com\/de\/543107\/","title":{"rendered":"Handelsstreit: Kanadas Premierminister Carney entschuldigt sich bei Trump"},"content":{"rendered":"<p class=\"paragraph article__item\">Kanadas Premierminister <a class=\"rtr-entity\" href=\"https:\/\/www.zeit.de\/thema\/mark-carney\" rel=\"nofollow noopener\" target=\"_blank\">Mark Carney<\/a> hat sich bei Donald Trump f\u00fcr einen Werbeclip der Provinz Ontario entschuldigt, der indirekt die US-Zollpolitik kritisiert.\u00a0&#8222;Ich habe mich bei Donald Trump direkt entschuldigt&#8220;, <a href=\"https:\/\/www.youtube.com\/watch?v=2AtnQlyTf3o\" class=\"\" target=\"_blank\" rel=\"nofollow noopener\">sagte Carney vor Journalisten auf eine Nachfrage<\/a>. Er habe ein Abendessen vor Beginn des Apec-Wirtschaftsgipfels in S\u00fcdkorea f\u00fcr eine private Entschuldigung genutzt. &#8222;Der US-Pr\u00e4sident hatte sich durch den Werbespot beleidigt gef\u00fchlt&#8220;, sagte Carney zur Erkl\u00e4rung.\n<\/p>\n<p class=\"paragraph article__item\">In dem TV-Werbefilm war ein Ausschnitt aus einer Rede des fr\u00fcheren US-Pr\u00e4sidenten Ronald<br \/>\nReagan aus dem Jahr 1987 zu sehen, in dem der Republikaner Z\u00f6lle f\u00fcr<br \/>\nHandelskriege und wirtschaftliche Sch\u00e4den verantwortlich machte. Der Spot ist als indirekte Kritik an Trumps Zollpolitik zu sehen; im August hatte er Z\u00f6lle in H\u00f6he von 35 Prozent auf viele kanadische Importe erlassen\u00a0\u2013\u00a0mit der Begr\u00fcndung, dass <a class=\"rtr-entity\" href=\"https:\/\/www.zeit.de\/thema\/kanada\" rel=\"nofollow noopener\" target=\"_blank\">Kanada<\/a> zu wenig dagegen unternehme, dass Drogen \u00fcber die Grenze in die USA gelangten.\n<\/p>\n<p>        Carney hatte sich offenbar gegen den Spot ausgesprochen        <\/p>\n<p class=\"paragraph article__item\">Der US-Pr\u00e4sident hielt den Kanadiern<br \/>\neine irref\u00fchrende Werbekampagne vor; die Aussagen <a class=\"rtr-entity\" href=\"https:\/\/www.zeit.de\/thema\/ronald-reagan\" rel=\"nofollow noopener\" target=\"_blank\">Reagans<\/a> seien selektiv<br \/>\ngenutzt und irref\u00fchrend eingebettet worden.\u00a0Als Reaktion auf den Clip <a href=\"https:\/\/www.zeit.de\/politik\/ausland\/2025-10\/donald-trump-mark-carney-usa-kanada\" class=\"\" target=\"_blank\" rel=\"nofollow noopener\">brach er\u00a0die Handelsgespr\u00e4che mit dem Nachbarland ab<\/a> und k\u00fcndigte<a href=\"https:\/\/www.zeit.de\/politik\/ausland\/2025-10\/donald-trump-erhoehung-zoelle-kanada-zehn-prozent\" class=\"\" target=\"_blank\" rel=\"nofollow noopener\"> zus\u00e4tzliche Z\u00f6lle in H\u00f6he von zehn Prozent auf kanadische Produkte<\/a> an.\n<\/p>\n<p class=\"paragraph article__item\">Der kanadische Premier hatte mit der Produktion des Werbeclips nichts zu tun; er war\u00a0vom Regierungschef der Provinz Ontario,<br \/>\nDoug Ford, in Auftrag gegeben worden. Carney sagte nun, dass<br \/>\ner den Spot vor der Ausstrahlung mit Ford besprochen und sich<br \/>\ngegen eine Verwendung ausgesprochen habe.\u00a0Er als <a class=\"rtr-entity\" href=\"https:\/\/www.zeit.de\/thema\/premierminister\" rel=\"nofollow noopener\" target=\"_blank\">Premierminister<\/a> sei f\u00fcr die Beziehungen zu den USA<br \/>\nverantwortlich\u00a0\u2013\u00a0daher habe er sich entschuldigt, sagte Carney weiter.\u00a0\n<\/p>\n<p>        Trump will trotzdem keine neuen Gespr\u00e4che aufnehmen        <\/p>\n<p class=\"paragraph article__item\"><a href=\"https:\/\/www.thestar.com\/politics\/federal\/mark-carney-apologized-for-doug-ford-s-ad-says-donald-trump\/article_7380cffa-0efd-4115-8c55-e5c2583af593.html\" class=\"\" target=\"_blank\" rel=\"nofollow noopener\">Verschiedene Medien berichteten, auch Trump habe Journalisten von Carneys pers\u00f6nlicher Entschuldigung<br \/>\nerz\u00e4hlt<\/a>, an Bord der<br \/>\nRegierungsmaschine Air Force One. Auf<br \/>\ndie Frage, ob Trump jetzt wieder Handelsgespr\u00e4che mit Kanada aufnehme, habe er<br \/>\naber entschieden mit &#8222;Nein&#8220; geantwortet, berichtet etwa die<br \/>\nkanadische Zeitung Toronto Star.\u00a0\n<\/p>\n<p>                            \u00a9\u00a0Lea Dohle<\/p>\n<p>\n                                        Newsletter<br \/>\n                                        Was jetzt? \u2013 Der t\u00e4gliche Morgen\u00fcberblick<\/p>\n<p class=\"newsletter-signup__text\">Starten Sie mit unserem kurzen Nachrichten-Newsletter in den Tag. Erhalten Sie zudem freitags den US-Sonderletter &#8222;Was jetzt, America?&#8220; sowie das digitale Magazin ZEIT am Wochenende.<\/p>\n<p class=\"newsletter-signup__datapolicy\" hidden=\"\">\n            Mit Ihrer Registrierung nehmen Sie die <a href=\"https:\/\/datenschutz.zeit.de\/zon#Newsletter\" target=\"_blank\" rel=\"nofollow noopener\">Datenschutzerkl\u00e4rung<\/a> zur Kenntnis.\n        <\/p>\n<p>    Vielen Dank! Wir haben Ihnen eine E-Mail geschickt.<\/p>\n<p>Pr\u00fcfen Sie Ihr Postfach und best\u00e4tigen Sie das Newsletter-Abonnement.<\/p>\n<p class=\"paragraph article__item\">Der Spot wird schon seit gut einer Woche nicht mehr ausgestrahlt \u2013 daf\u00fcr hatte <a class=\"rtr-entity\" href=\"https:\/\/www.zeit.de\/thema\/ontario\" rel=\"nofollow noopener\" target=\"_blank\">Ontarios<\/a> Premier nach Trumps erster Reaktion gesorgt.\u00a0So k\u00f6nnten die Handelsgespr\u00e4che wieder aufgenommen<br \/>\nwerden, sagte Ford damals. Man habe das Ziel erreicht, ein US-Publikum auf die Folgen<br \/>\nvon Z\u00f6llen f\u00fcr Arbeitnehmer und Firmen aufmerksam zu machen und eine Diskussion<br \/>\nanzusto\u00dfen.\u00a0\n<\/p>\n<p>            US-Handelsstreit mit Kanada        <\/p>\n<p>Mehr zum Thema<\/p>\n<p>                <a href=\"https:\/\/www.zeit.de\/politik\/ausland\/2025-10\/donald-trump-erhoehung-zoelle-kanada-zehn-prozent\" data-ct-label=\"US-Zollpolitik: Trump erh\u00f6ht Z\u00f6lle auf kanadische Produkte um weitere zehn Prozent\" rel=\"nofollow noopener\" target=\"_blank\"><\/p>\n<p>                        US-Zollpolitik:<br \/>\n                        Trump erh\u00f6ht Z\u00f6lle auf kanadische Produkte um weitere zehn Prozent<\/p>\n<p>                <\/a><\/p>\n<p>                <a href=\"https:\/\/www.zeit.de\/wirtschaft\/2025-03\/handelssstreit-kanada-usa-zoelle-donald-trump\" data-ct-label=\"Handelsstreit Kanada USA: Die Eskalation dauerte knapp 24 Stunden\" rel=\"nofollow noopener\" target=\"_blank\"><\/p>\n<p>        Z+ (abopflichtiger Inhalt);<\/p>\n<p>    Handelsstreit Kanada USA:<br \/>\n                        Die Eskalation dauerte knapp 24 Stunden<\/p>\n<p>                <\/a><\/p>\n<p>                <a href=\"https:\/\/www.zeit.de\/politik\/2025-04\/parlamentswahlen-kanada-premierminister-nachrichtenpodcast\" data-ct-label=\"Nachrichtenpodcast: Kanada will nicht der &quot;51. Bundesstaat&quot; werden\" rel=\"nofollow noopener\" target=\"_blank\"><\/p>\n<p>                        Nachrichtenpodcast:<br \/>\n                        Kanada will nicht der &#8222;51. Bundesstaat&#8220; werden<\/p>\n<p>                <\/a><\/p>\n","protected":false},"excerpt":{"rendered":"Kanadas Premierminister Mark Carney hat sich bei Donald Trump f\u00fcr einen Werbeclip der Provinz Ontario entschuldigt, der indirekt&hellip;\n","protected":false},"author":2,"featured_media":543108,"comment_status":"","ping_status":"","sticky":false,"template":"","format":"standard","meta":{"footnotes":""},"categories":[3],"tags":[129244,1494,13,53,14951,14,15,58533,16,11329,38281,12,10,8,9,11,10593,37099,1492,64,103,104],"class_list":{"0":"post-543107","1":"post","2":"type-post","3":"status-publish","4":"format-standard","5":"has-post-thumbnail","7":"category-welt","8":"tag-doug-ford","9":"tag-handelsstreit","10":"tag-headlines","11":"tag-kanada","12":"tag-mark-carney","13":"tag-nachrichten","14":"tag-news","15":"tag-ontario","16":"tag-politik","17":"tag-premierminister","18":"tag-ronald-reagan","19":"tag-schlagzeilen","20":"tag-top-news","21":"tag-top-meldungen","22":"tag-topmeldungen","23":"tag-topnews","24":"tag-toronto","25":"tag-trump-kanada","26":"tag-us-zoelle","27":"tag-usa","28":"tag-welt","29":"tag-world"},"share_on_mastodon":{"url":"https:\/\/pubeurope.com\/@de\/115475145288726350","error":""},"_links":{"self":[{"href":"https:\/\/www.europesays.com\/de\/wp-json\/wp\/v2\/posts\/543107","targetHints":{"allow":["GET"]}}],"collection":[{"href":"https:\/\/www.europesays.com\/de\/wp-json\/wp\/v2\/posts"}],"about":[{"href":"https:\/\/www.europesays.com\/de\/wp-json\/wp\/v2\/types\/post"}],"author":[{"embeddable":true,"href":"https:\/\/www.europesays.com\/de\/wp-json\/wp\/v2\/users\/2"}],"replies":[{"embeddable":true,"href":"https:\/\/www.europesays.com\/de\/wp-json\/wp\/v2\/comments?post=543107"}],"version-history":[{"count":0,"href":"https:\/\/www.europesays.com\/de\/wp-json\/wp\/v2\/posts\/543107\/revisions"}],"wp:featuredmedia":[{"embeddable":true,"href":"https:\/\/www.europesays.com\/de\/wp-json\/wp\/v2\/media\/543108"}],"wp:attachment":[{"href":"https:\/\/www.europesays.com\/de\/wp-json\/wp\/v2\/media?parent=543107"}],"wp:term":[{"taxonomy":"category","embeddable":true,"href":"https:\/\/www.europesays.com\/de\/wp-json\/wp\/v2\/categories?post=543107"},{"taxonomy":"post_tag","embeddable":true,"href":"https:\/\/www.europesays.com\/de\/wp-json\/wp\/v2\/tags?post=543107"}],"curies":[{"name":"wp","href":"https:\/\/api.w.org\/{rel}","templated":true}]}}