{"id":543123,"date":"2025-11-01T15:35:12","date_gmt":"2025-11-01T15:35:12","guid":{"rendered":"https:\/\/www.europesays.com\/de\/543123\/"},"modified":"2025-11-01T15:35:12","modified_gmt":"2025-11-01T15:35:12","slug":"wenn-ein-borussia-fan-die-letzte-reise-antritt","status":"publish","type":"post","link":"https:\/\/www.europesays.com\/de\/543123\/","title":{"rendered":"Wenn ein Borussia-Fan die letzte Reise antritt"},"content":{"rendered":"<p class=\"text_ohne_einzug richtext text-em-55 !leading-serif mx-6 desktop:mx-0\">Wenn Axel Weber einem Menschen gegen\u00fcber sitzt, ist f\u00fcr denjenigen gerade die Welt untergegangen. Der Vater, die Mutter, der Ehemann, die Ehefrau oder ein Kind sind gestorben \u2013 und der Betroffene muss nun damit zurechtkommen, Ersch\u00fctterung wechselt mit Trauer und Tr\u00e4nen. Oft stecken die Menschen dann in einer emotionalen Sackgasse. Weber bietet einen ersten Ausweg f\u00fcr das Hier und Jetzt. \u201eDas Wichtigste bei einem Trauerfall ist die N\u00e4he, das Verst\u00e4ndnis, das Mitf\u00fchlen mit dem Angeh\u00f6rigen. Dann kann man sich auf sein Gegen\u00fcber einlassen und versuchen, mit der ersten Trauer umzugehen\u201c, sagt er. Und das ist gegenseitig gemeint. An <a href=\"https:\/\/rp-online.de\/thema\/allerheiligen\/\" target=\"_blank\" rel=\"noopener\">Allerheiligen<\/a> gedenken die Christen allgemein ihrer Heiligen \u2013 aber oft auch gestorbenen Familienmitgliedern. Der Tod eines Angeh\u00f6rigen ber\u00fchrt besonders. Dabei werden die anschlie\u00dfenden Trauerfeierlichkeiten und das Begr\u00e4bnis immer individueller, wei\u00df Weber.<\/p>\n","protected":false},"excerpt":{"rendered":"Wenn Axel Weber einem Menschen gegen\u00fcber sitzt, ist f\u00fcr denjenigen gerade die Welt untergegangen. Der Vater, die Mutter,&hellip;\n","protected":false},"author":2,"featured_media":543124,"comment_status":"","ping_status":"","sticky":false,"template":"","format":"standard","meta":{"footnotes":""},"categories":[1849],"tags":[132606,3364,29,548,663,3934,30,13,4455,14,15,1209,16519,12],"class_list":{"0":"post-543123","1":"post","2":"type-post","3":"status-publish","4":"format-standard","5":"has-post-thumbnail","7":"category-moenchengladbach","8":"tag-bestatter","9":"tag-de","10":"tag-deutschland","11":"tag-eu","12":"tag-europa","13":"tag-europe","14":"tag-germany","15":"tag-headlines","16":"tag-moenchengladbach","17":"tag-nachrichten","18":"tag-news","19":"tag-nordrhein-westfalen","20":"tag-papst","21":"tag-schlagzeilen"},"share_on_mastodon":{"url":"https:\/\/pubeurope.com\/@de\/115475180659083354","error":""},"_links":{"self":[{"href":"https:\/\/www.europesays.com\/de\/wp-json\/wp\/v2\/posts\/543123","targetHints":{"allow":["GET"]}}],"collection":[{"href":"https:\/\/www.europesays.com\/de\/wp-json\/wp\/v2\/posts"}],"about":[{"href":"https:\/\/www.europesays.com\/de\/wp-json\/wp\/v2\/types\/post"}],"author":[{"embeddable":true,"href":"https:\/\/www.europesays.com\/de\/wp-json\/wp\/v2\/users\/2"}],"replies":[{"embeddable":true,"href":"https:\/\/www.europesays.com\/de\/wp-json\/wp\/v2\/comments?post=543123"}],"version-history":[{"count":0,"href":"https:\/\/www.europesays.com\/de\/wp-json\/wp\/v2\/posts\/543123\/revisions"}],"wp:featuredmedia":[{"embeddable":true,"href":"https:\/\/www.europesays.com\/de\/wp-json\/wp\/v2\/media\/543124"}],"wp:attachment":[{"href":"https:\/\/www.europesays.com\/de\/wp-json\/wp\/v2\/media?parent=543123"}],"wp:term":[{"taxonomy":"category","embeddable":true,"href":"https:\/\/www.europesays.com\/de\/wp-json\/wp\/v2\/categories?post=543123"},{"taxonomy":"post_tag","embeddable":true,"href":"https:\/\/www.europesays.com\/de\/wp-json\/wp\/v2\/tags?post=543123"}],"curies":[{"name":"wp","href":"https:\/\/api.w.org\/{rel}","templated":true}]}}