{"id":543127,"date":"2025-11-01T15:37:17","date_gmt":"2025-11-01T15:37:17","guid":{"rendered":"https:\/\/www.europesays.com\/de\/543127\/"},"modified":"2025-11-01T15:37:17","modified_gmt":"2025-11-01T15:37:17","slug":"pol-wi-kvd-16-jaehriger-junge-aus-mainz-vermisst","status":"publish","type":"post","link":"https:\/\/www.europesays.com\/de\/543127\/","title":{"rendered":"POL-WI-KvD: +++16-j\u00e4hriger Junge aus Mainz vermisst+++"},"content":{"rendered":"<p class=\"date\">01.11.2025 \u2013 16:10<\/p>\n<p class=\"customer\">\n                        <a class=\"story-customer\" title=\"weiter zum newsroom von Wiesbaden (KvD) - Polizeipr\u00e4sidium Westhessen\" href=\"https:\/\/www.presseportal.de\/blaulicht\/nr\/11815\" rel=\"nofollow noopener\" target=\"_blank\">Wiesbaden (KvD) &#8211; Polizeipr\u00e4sidium Westhessen<\/a>\n                    <\/p>\n<p><a class=\"glightbox event-trigger\" href=\"https:\/\/cache.pressmailing.net\/thumbnail\/story_hires\/cd2211a8-d0ba-4056-b772-8a094d0a575a\/VMSSTEINKE.jpg.jpg\" data-description=\"Bild der VP\" data-category=\"medialightbox\" data-action=\"click\" data-label=\"single\" data-value=\"690622ea270000fd2cdd415e\" rel=\"nofollow noopener\" target=\"_blank\"><img decoding=\"async\" height=\"540\" with=\"720\" src=\"https:\/\/www.europesays.com\/de\/wp-content\/uploads\/2025\/11\/pol-wi-kvd-16-j-hriger-junge-aus-mainz-vermisst.jpeg\"   alt=\"POL-WI-KvD: +++16-j\u00e4hriger Junge aus Mainz vermisst+++\" class=\"single\"\/><\/a><\/p>\n<p><a data-category=\"citylink-story-view\" data-action=\"click\" data-label=\"Citylink in Meldungsansicht\" class=\"story-city event-trigger\" href=\"https:\/\/www.presseportal.de\/regional\/Wiesbaden\" title=\"News aus Wiesbaden \" rel=\"nofollow noopener\" target=\"_blank\">Wiesbaden<\/a> (ots)<\/p>\n<p>+++16-j\u00e4hriger Junge aus Mainz vermisst+++<br \/>\n01.11.2025, 16:00 Uhr<\/p>\n<p>Wiesbaden  Wiesbaden-Innenstadt<\/p>\n<p>Samstag, 01.11.2025, 13:10 Uhr<\/p>\n<p>(pk) Seit Samstagvormittag wird der 16-j\u00e4hrige Dennis Steinke aus Mainz vermisst.<\/p>\n<p>Der Vermisste stieg vermutlich gegen 13:10 Uhr am Mainzer Hauptbahnhof in die Buslinie 6 nach Wiesbaden.<\/p>\n<p>Bisherige Ma\u00dfnahmen f\u00fchrten nicht zum Auffinden des Vermissten. Der Vermisste h\u00e4lt sich gerne in der N\u00e4he von Bahnh\u00f6fen oder Busstationen auf.<\/p>\n<p>Es kann derzeit nicht ausgeschlossen werden, dass sich die vermisste Person in einer hilflosen Lage befindet.<\/p>\n<p>Er ist 170 cm gro\u00df, kr\u00e4ftig und hat kurze braune Haare. Er ist bekleidet mit einer hellen Jeans, dunkelblauen Schuhen, einem blauen Pullover und einer braunen Jacke.<\/p>\n<p>Hinweise auf den Aufenthaltsort nimmt die Wiesbadener Kriminalpolizei unter der Telefonnummer (0611) 345-0, sowie jede andere Polizeidienststelle entgegen.<\/p>\n<p>R\u00fcckfragen bitte an:<\/p>\n<p>Polizeipr\u00e4sidium Westhessen<\/p>\n<p>Polizeidirektion Wiesbaden<br \/>\nKommissar vom Dienst<\/p>\n<p>Telefon: (0611) 345-2042<\/p>\n<p>E-Mail: <a href=\"https:\/\/www.presseportal.de\/blaulicht\/pm\/11815\/mailto: KvD.Wiesbaden.ppwh@polizei.hessen.de\" class=\"uri-mailto\" rel=\"nofollow noopener\" target=\"_blank\"> KvD.Wiesbaden.ppwh@polizei.hessen.de<\/a><\/p>\n<p class=\"contact-headline\">R\u00fcckfragen bitte an:<\/p>\n<p class=\"contact-text\">Polizeipr\u00e4sidium Westhessen<br \/>Polizeidirektion Wiesbaden<br \/>Kommissar vom Dienst<\/p>\n<p>Telefon: (0611) 345-2042<br \/>E-Mail: <a href=\"https:\/\/www.presseportal.de\/blaulicht\/pm\/11815\/mailto: KvD.Wiesbaden.ppwh@polizei.hessen.de\" class=\"uri-mailto\" rel=\"nofollow noopener\" target=\"_blank\"> KvD.Wiesbaden.ppwh@polizei.hessen.de<\/a><\/p>\n<p class=\"originator\">Original-Content von: Wiesbaden (KvD) &#8211; Polizeipr\u00e4sidium Westhessen, \u00fcbermittelt durch news aktuell<\/p>\n","protected":false},"excerpt":{"rendered":"01.11.2025 \u2013 16:10 Wiesbaden (KvD) &#8211; Polizeipr\u00e4sidium Westhessen Wiesbaden (ots) +++16-j\u00e4hriger Junge aus Mainz vermisst+++ 01.11.2025, 16:00 Uhr&hellip;\n","protected":false},"author":2,"featured_media":543128,"comment_status":"","ping_status":"","sticky":false,"template":"","format":"standard","meta":{"footnotes":""},"categories":[1847],"tags":[3364,29,548,663,3934,30,1087,13,2052,177,14,15,121,178,180,179,181,12,4544],"class_list":{"0":"post-543127","1":"post","2":"type-post","3":"status-publish","4":"format-standard","5":"has-post-thumbnail","7":"category-wiesbaden","8":"tag-de","9":"tag-deutschland","10":"tag-eu","11":"tag-europa","12":"tag-europe","13":"tag-germany","14":"tag-he","15":"tag-headlines","16":"tag-hessen","17":"tag-kriminalitt","18":"tag-nachrichten","19":"tag-news","20":"tag-polizei","21":"tag-presse","22":"tag-pressemeldung","23":"tag-pressemitteilung","24":"tag-pressemitteilungen","25":"tag-schlagzeilen","26":"tag-wiesbaden"},"share_on_mastodon":{"url":"https:\/\/pubeurope.com\/@de\/115475189151529899","error":""},"_links":{"self":[{"href":"https:\/\/www.europesays.com\/de\/wp-json\/wp\/v2\/posts\/543127","targetHints":{"allow":["GET"]}}],"collection":[{"href":"https:\/\/www.europesays.com\/de\/wp-json\/wp\/v2\/posts"}],"about":[{"href":"https:\/\/www.europesays.com\/de\/wp-json\/wp\/v2\/types\/post"}],"author":[{"embeddable":true,"href":"https:\/\/www.europesays.com\/de\/wp-json\/wp\/v2\/users\/2"}],"replies":[{"embeddable":true,"href":"https:\/\/www.europesays.com\/de\/wp-json\/wp\/v2\/comments?post=543127"}],"version-history":[{"count":0,"href":"https:\/\/www.europesays.com\/de\/wp-json\/wp\/v2\/posts\/543127\/revisions"}],"wp:featuredmedia":[{"embeddable":true,"href":"https:\/\/www.europesays.com\/de\/wp-json\/wp\/v2\/media\/543128"}],"wp:attachment":[{"href":"https:\/\/www.europesays.com\/de\/wp-json\/wp\/v2\/media?parent=543127"}],"wp:term":[{"taxonomy":"category","embeddable":true,"href":"https:\/\/www.europesays.com\/de\/wp-json\/wp\/v2\/categories?post=543127"},{"taxonomy":"post_tag","embeddable":true,"href":"https:\/\/www.europesays.com\/de\/wp-json\/wp\/v2\/tags?post=543127"}],"curies":[{"name":"wp","href":"https:\/\/api.w.org\/{rel}","templated":true}]}}