{"id":543194,"date":"2025-11-01T16:16:14","date_gmt":"2025-11-01T16:16:14","guid":{"rendered":"https:\/\/www.europesays.com\/de\/543194\/"},"modified":"2025-11-01T16:16:14","modified_gmt":"2025-11-01T16:16:14","slug":"unfallflucht-in-dortmund-oestrich-autofahrerin-faehrt-kind-an","status":"publish","type":"post","link":"https:\/\/www.europesays.com\/de\/543194\/","title":{"rendered":"Unfallflucht in Dortmund-Oestrich: Autofahrerin f\u00e4hrt Kind an"},"content":{"rendered":"<p>\t\tAutofahrerin f\u00e4hrt Achtj\u00e4hrigen auf Zebrastreifen an<br \/>\n\t\t\t\t\tUnfallflucht an Dortmunder Grundschule<\/p>\n<p>    <a href=\"https:\/\/www.ruhrnachrichten.de\/wp-content\/uploads\/2025\/10\/31\/15\/630_0900_5254420_-1648x824.jpg\" target=\"_blank\" rel=\"noopener\"><\/p>\n<p>            <img loading=\"lazy\" decoding=\"async\" src=\"https:\/\/www.europesays.com\/de\/wp-content\/uploads\/2025\/11\/630_0900_5254415_-640x428.jpg\" width=\"640\" height=\"428\"  alt=\"\"\/><\/p>\n<p>    <\/a><br \/>\n    Auf dem Zebrastreifen \u00fcber die Castroper Stra\u00dfe (Mi.) wurde Ende September ein Achtj\u00e4hriger angefahren. Die Autofahrerin fl\u00fcchtete n Richtung Kammerst\u00fcck (li.). \u00a9 RVR 2022<\/p>\n<p class=\"article__teaser-text\">In Dortmund kam es an einer Grundschule zu einem Unfall zwischen einer Autofahrerin und einem Achtj\u00e4hrigen. Die Fahrerin fl\u00fcchtete. Die Polizei sucht Hinweise.<\/p>\n<p>1 Min Lesezeit<\/p>\n<p>35 bis 40 Jahre alte Fahrerin<\/p>\n","protected":false},"excerpt":{"rendered":"Autofahrerin f\u00e4hrt Achtj\u00e4hrigen auf Zebrastreifen an Unfallflucht an Dortmunder Grundschule Auf dem Zebrastreifen \u00fcber die Castroper Stra\u00dfe (Mi.)&hellip;\n","protected":false},"author":2,"featured_media":543195,"comment_status":"","ping_status":"","sticky":false,"template":"","format":"standard","meta":{"footnotes":""},"categories":[1833],"tags":[1950,3364,29,217,30,1209,76699],"class_list":{"0":"post-543194","1":"post","2":"type-post","3":"status-publish","4":"format-standard","5":"has-post-thumbnail","7":"category-dortmund","8":"tag-blaulicht","9":"tag-de","10":"tag-deutschland","11":"tag-dortmund","12":"tag-germany","13":"tag-nordrhein-westfalen","14":"tag-verkehrsunfallflucht"},"share_on_mastodon":{"url":"https:\/\/pubeurope.com\/@de\/115475342537821712","error":""},"_links":{"self":[{"href":"https:\/\/www.europesays.com\/de\/wp-json\/wp\/v2\/posts\/543194","targetHints":{"allow":["GET"]}}],"collection":[{"href":"https:\/\/www.europesays.com\/de\/wp-json\/wp\/v2\/posts"}],"about":[{"href":"https:\/\/www.europesays.com\/de\/wp-json\/wp\/v2\/types\/post"}],"author":[{"embeddable":true,"href":"https:\/\/www.europesays.com\/de\/wp-json\/wp\/v2\/users\/2"}],"replies":[{"embeddable":true,"href":"https:\/\/www.europesays.com\/de\/wp-json\/wp\/v2\/comments?post=543194"}],"version-history":[{"count":0,"href":"https:\/\/www.europesays.com\/de\/wp-json\/wp\/v2\/posts\/543194\/revisions"}],"wp:featuredmedia":[{"embeddable":true,"href":"https:\/\/www.europesays.com\/de\/wp-json\/wp\/v2\/media\/543195"}],"wp:attachment":[{"href":"https:\/\/www.europesays.com\/de\/wp-json\/wp\/v2\/media?parent=543194"}],"wp:term":[{"taxonomy":"category","embeddable":true,"href":"https:\/\/www.europesays.com\/de\/wp-json\/wp\/v2\/categories?post=543194"},{"taxonomy":"post_tag","embeddable":true,"href":"https:\/\/www.europesays.com\/de\/wp-json\/wp\/v2\/tags?post=543194"}],"curies":[{"name":"wp","href":"https:\/\/api.w.org\/{rel}","templated":true}]}}