{"id":543212,"date":"2025-11-01T16:25:15","date_gmt":"2025-11-01T16:25:15","guid":{"rendered":"https:\/\/www.europesays.com\/de\/543212\/"},"modified":"2025-11-01T16:25:15","modified_gmt":"2025-11-01T16:25:15","slug":"knallgeraeusche-grosseinsatz-der-polizei-in-einkaufszentrum","status":"publish","type":"post","link":"https:\/\/www.europesays.com\/de\/543212\/","title":{"rendered":"Knallger\u00e4usche! Gro\u00dfeinsatz der Polizei in Einkaufszentrum"},"content":{"rendered":"<p>1. November 2025 um 17:05 Uhr<\/p>\n<p class=\"AnnotatedMarkup_paragraph__IUT9l\"><strong>B\u00f6llerl\u00e4rm oder Schussger\u00e4usch?<\/strong><br \/>Nach Hinweisen auf Knallger\u00e4usche l\u00e4uft im Frankfurter Nordwestzentrum am Samstag (1. November) ein Polizeieinsatz. Welche Lage die Einsatzkr\u00e4fte vor Ort antreffen, ist noch unklar.<\/p>\n<p>In einem Einkaufszentrum in Frankfurt\/Main l\u00e4uft ein Gro\u00dfeinsatz der Polizei, nachdem von dort am Nachmittag Knallger\u00e4usche gemeldet worden sind. Ob es sich dabei um B\u00f6llerl\u00e4rm oder eventuell um Schussger\u00e4usch handelte, ist noch offen. Die Lage im Nordwestzentrum in Frankfurt-Heddernheim sei noch unklar, sagte eine Polizeisprecherin. Es seien Einsatzkr\u00e4fte vor Ort, um sich einen \u00dcberblick zu verschaffen.<\/p>\n<p>Aktuell werde das Geb\u00e4ude ger\u00e4umt, erkl\u00e4rte sie. Zu weiteren Hintergr\u00fcnden war zun\u00e4chst nichts bekannt. Medienberichte zu einer Festnahme in dem Einkaufszentrum konnte die Sprecherin zun\u00e4chst nicht best\u00e4tigen. (dpa\/lha)<\/p>\n","protected":false},"excerpt":{"rendered":"1. November 2025 um 17:05 Uhr B\u00f6llerl\u00e4rm oder Schussger\u00e4usch?Nach Hinweisen auf Knallger\u00e4usche l\u00e4uft im Frankfurter Nordwestzentrum am Samstag&hellip;\n","protected":false},"author":2,"featured_media":543213,"comment_status":"","ping_status":"","sticky":false,"template":"","format":"standard","meta":{"footnotes":""},"categories":[1829],"tags":[331,338,332,339,29,344,342,343,2050,2051,30,2052,335,329,336,334,341,330,337,333,121,328,327,12,340],"class_list":{"0":"post-543212","1":"post","2":"type-post","3":"status-publish","4":"format-standard","5":"has-post-thumbnail","7":"category-frankfurt-am-main","8":"tag-aktuelle-nachrichten","9":"tag-aktuelle-nachrichten-auf-einen-blick","10":"tag-aktuelle-news","11":"tag-aktuelle-themen-in-der-welt","12":"tag-deutschland","13":"tag-ems_-news","14":"tag-ems_news_newsausland","15":"tag-ems_news_newsinland","16":"tag-frankfurt","17":"tag-frankfurt-am-main","18":"tag-germany","19":"tag-hessen","20":"tag-nachrichten-aus-aller-welt","21":"tag-nachrichten-deutschland","22":"tag-nachrichten-heute","23":"tag-nachrichten-international","24":"tag-nachrichten-usa","25":"tag-news-deutschland","26":"tag-news-heute","27":"tag-news-international","28":"tag-polizei","29":"tag-rtl-nachrichten","30":"tag-rtl-news","31":"tag-schlagzeilen","32":"tag-usa-news"},"share_on_mastodon":{"url":"https:\/\/pubeurope.com\/@de\/115475377457592548","error":""},"_links":{"self":[{"href":"https:\/\/www.europesays.com\/de\/wp-json\/wp\/v2\/posts\/543212","targetHints":{"allow":["GET"]}}],"collection":[{"href":"https:\/\/www.europesays.com\/de\/wp-json\/wp\/v2\/posts"}],"about":[{"href":"https:\/\/www.europesays.com\/de\/wp-json\/wp\/v2\/types\/post"}],"author":[{"embeddable":true,"href":"https:\/\/www.europesays.com\/de\/wp-json\/wp\/v2\/users\/2"}],"replies":[{"embeddable":true,"href":"https:\/\/www.europesays.com\/de\/wp-json\/wp\/v2\/comments?post=543212"}],"version-history":[{"count":0,"href":"https:\/\/www.europesays.com\/de\/wp-json\/wp\/v2\/posts\/543212\/revisions"}],"wp:featuredmedia":[{"embeddable":true,"href":"https:\/\/www.europesays.com\/de\/wp-json\/wp\/v2\/media\/543213"}],"wp:attachment":[{"href":"https:\/\/www.europesays.com\/de\/wp-json\/wp\/v2\/media?parent=543212"}],"wp:term":[{"taxonomy":"category","embeddable":true,"href":"https:\/\/www.europesays.com\/de\/wp-json\/wp\/v2\/categories?post=543212"},{"taxonomy":"post_tag","embeddable":true,"href":"https:\/\/www.europesays.com\/de\/wp-json\/wp\/v2\/tags?post=543212"}],"curies":[{"name":"wp","href":"https:\/\/api.w.org\/{rel}","templated":true}]}}