{"id":543581,"date":"2025-11-01T19:54:13","date_gmt":"2025-11-01T19:54:13","guid":{"rendered":"https:\/\/www.europesays.com\/de\/543581\/"},"modified":"2025-11-01T19:54:13","modified_gmt":"2025-11-01T19:54:13","slug":"drei-deutsche-bergsteiger-in-suedtirol-getoetet","status":"publish","type":"post","link":"https:\/\/www.europesays.com\/de\/543581\/","title":{"rendered":"Drei deutsche Bergsteiger in S\u00fcdtirol get\u00f6tet"},"content":{"rendered":"<p>Bozen (dpa) &#8211; Bei einem Lawinenungl\u00fcck in S\u00fcdtirol sind drei deutsche Bergsteiger ums Leben gekommen. Nach Angaben der italienischen Bergwacht wurde ihre Gruppe im Ortlergebirge am Nachmittag bei einem Aufstieg von der Lawine erfasst. Zwei weitere Bergsteiger &#8211; ebenfalls Deutsche &#8211; w\u00fcrden noch vermisst, hie\u00df es. Die Suche nach den beiden wurde am Abend wegen der Dunkelheit unterbrochen. Sie soll am Sonntag fortgesetzt werden.<\/p>\n<p>Zum Alter und zur Herkunft gab es von offizieller Seite zun\u00e4chst keine genaueren Angaben. Die italienische Nachrichtenagentur Ansa berichtete, bei den drei Toten handele es sich um zwei M\u00e4nner und eine Frau im Alter zwischen etwa 30 und 50 Jahren. Sie seien als Tourengeher unterwegs gewesen.<\/p>\n<p>Nach Angaben der Bergwacht ging die Lawine in der N\u00e4he der mehr als 3.500 Meter hohen Vertainspitze nieder, wo die beiden Gruppen gerade auf dem Weg nach oben gewesen seien. Der Berg ist wegen seiner Rundsicht nach allen Seiten ein viel begangener Gipfel. Die Deutschen seien in zwei Gruppen unterwegs gewesen &#8211; einmal zu dritt, einmal zu viert.\u00a0<\/p>\n<p>Zwei \u00dcberlebende aus Deutschland\u00a0<\/p>\n<p>Die erste Gruppe sei vollst\u00e4ndig versch\u00fcttet worden: Alle drei Bergsteiger seien tot. Von der zweiten Gruppe h\u00e4tten zwei Bergsteiger \u00fcberlebt, teilte ein Sprecher der Bergwacht mit. Nach den beiden anderen werde gesucht. Die Bergwacht hat einen Hubschrauber Pelikan 3 und auch mehrere Drohnen im Einsatz. Unklar war zun\u00e4chst, ob die beiden Gruppen mit Skiern unterwegs waren.<\/p>\n<p>S\u00fcdtirol geh\u00f6rt unter deutschen Urlaubern zu den besonders beliebten Gebieten in Italien. H\u00f6chster Berg der Region ist der Ortler mit 3.905\u00a0Metern. An den Rettungsarbeiten waren neben der Bergwacht auch die italienische Finanzpolizei und die Feuerwehr beteiligt.<\/p>\n","protected":false},"excerpt":{"rendered":"Bozen (dpa) &#8211; Bei einem Lawinenungl\u00fcck in S\u00fcdtirol sind drei deutsche Bergsteiger ums Leben gekommen. Nach Angaben der&hellip;\n","protected":false},"author":2,"featured_media":543582,"comment_status":"","ping_status":"","sticky":false,"template":"","format":"standard","meta":{"footnotes":""},"categories":[1843],"tags":[3364,29,30,355,8970,1209,4338,1163],"class_list":{"0":"post-543581","1":"post","2":"type-post","3":"status-publish","4":"format-standard","5":"has-post-thumbnail","7":"category-muenster","8":"tag-de","9":"tag-deutschland","10":"tag-germany","11":"tag-italien","12":"tag-muenster","13":"tag-nordrhein-westfalen","14":"tag-notfall","15":"tag-tourismus"},"share_on_mastodon":{"url":"https:\/\/pubeurope.com\/@de\/115476199047920986","error":""},"_links":{"self":[{"href":"https:\/\/www.europesays.com\/de\/wp-json\/wp\/v2\/posts\/543581","targetHints":{"allow":["GET"]}}],"collection":[{"href":"https:\/\/www.europesays.com\/de\/wp-json\/wp\/v2\/posts"}],"about":[{"href":"https:\/\/www.europesays.com\/de\/wp-json\/wp\/v2\/types\/post"}],"author":[{"embeddable":true,"href":"https:\/\/www.europesays.com\/de\/wp-json\/wp\/v2\/users\/2"}],"replies":[{"embeddable":true,"href":"https:\/\/www.europesays.com\/de\/wp-json\/wp\/v2\/comments?post=543581"}],"version-history":[{"count":0,"href":"https:\/\/www.europesays.com\/de\/wp-json\/wp\/v2\/posts\/543581\/revisions"}],"wp:featuredmedia":[{"embeddable":true,"href":"https:\/\/www.europesays.com\/de\/wp-json\/wp\/v2\/media\/543582"}],"wp:attachment":[{"href":"https:\/\/www.europesays.com\/de\/wp-json\/wp\/v2\/media?parent=543581"}],"wp:term":[{"taxonomy":"category","embeddable":true,"href":"https:\/\/www.europesays.com\/de\/wp-json\/wp\/v2\/categories?post=543581"},{"taxonomy":"post_tag","embeddable":true,"href":"https:\/\/www.europesays.com\/de\/wp-json\/wp\/v2\/tags?post=543581"}],"curies":[{"name":"wp","href":"https:\/\/api.w.org\/{rel}","templated":true}]}}