{"id":543599,"date":"2025-11-01T20:07:39","date_gmt":"2025-11-01T20:07:39","guid":{"rendered":"https:\/\/www.europesays.com\/de\/543599\/"},"modified":"2025-11-01T20:07:39","modified_gmt":"2025-11-01T20:07:39","slug":"gaeste-aus-frankreich-zu-besuch","status":"publish","type":"post","link":"https:\/\/www.europesays.com\/de\/543599\/","title":{"rendered":"G\u00e4ste aus Frankreich zu Besuch"},"content":{"rendered":"<p class=\"\">\n                    Gro\u00dfe Freude herrschte am Mittwochabend, 29. Oktober, im Veranstaltungszentrum Schwagstorf als der Bus nach rund 12-st\u00fcndiger Fahrt aus Bolbec eintraf. Viele G\u00e4ste und Gastgeber kennen sich bereits seit vielen Jahren; entsprechend herzlich war die Wiedersehensfreude.\n            <\/p>\n<p>\n                                Begr\u00fc\u00dfung durch Erik Ballmeyer.<br \/>\n                            Foto: Heinz-J\u00fcrgen Rei\u00df<\/p>\n<p><img decoding=\"async\" src=\"https:\/\/www.europesays.com\/de\/wp-content\/uploads\/2025\/11\/2025-10-29-ostercappeln-partnerschaft-bolbec-wittlage-5.jpg\" title=\"Begr\u00fc\u00dfung durch Erik Ballmeyer.\" alt=\"Begr\u00fc\u00dfung durch Erik Ballmeyer.\" class=\"lightbox__single-image__content__image-wrapper__img\" loading=\"lazy\" width=\"375\" height=\"250\"\/>Icon MaximizeIcon Lightbox Maximize<\/p>\n<p>SchliessenX ZeichenKleines Zeichen welches ein X symbolisiert<\/p>\n<p><img class=\"lightbox--enabled__container__image-wrapper__img\" alt=\"\"\/><\/p>\n<p class=\"\">\n                    Ostercappelns B\u00fcrgermeister Erik Ballmeyer begr\u00fc\u00dfte die G\u00e4ste auch im Namen seiner Amtskollegen Timo Natemeyer und Markus Kleinkauertz und dankte den Gastgebern und den Organisatoren. Anschlie\u00dfend stellten Martina Goedejohann, Vorsitzende des Vereins \u201ePartnerschaft Bolbec-Wittlage e.V.\u201c und Stephanie Jeanne-Djekic das vielf\u00e4ltige Programm des Austausches vor.\n            <\/p>\n<p>            \u201eGemeinsam Urlaub gemacht\u201c<\/p>\n<p class=\"\">\n                    Zu den Gastgebern geh\u00f6ren seit \u00fcber 30 Jahren Ursula und Jobst Buermeyer. Ihre G\u00e4ste Patricia und Antoine Jungblut, die seit 1983 in Bolbec leben, kennen sie bereits seit vielen Jahren: \u201eWir haben auch schon gemeinsam Urlaub gemacht. Inzwischen treffen sich auch unsere Kinder.\u201c\n            <\/p>\n<p class=\"\">\n                    Zum ersten Mal dabei sind Anorte und Ronald Fortmann mit ihrer Tochter Anna. Sie erz\u00e4hlen, dass sie fr\u00fcher an einem Sch\u00fcleraustausch teilgenommen haben und Frankreich lieben. Ronald Fortmann erg\u00e4nzt: \u201eWir hoffen auf viele neue Eindr\u00fccke und einen Erfahrungsaustausch.\u201c Auch f\u00fcr ihre G\u00e4ste Michelle und Marc Lecomte ist der Austausch eine Premiere. Beide freuen sich darauf, \u201eneue Leute kennenzulernen\u201c.\n            <\/p>\n<p>\n                                v.l. Michelle und Marc Lecomte, Anorte, Ronald und Anna Fortmann<br \/>\n                            Foto: Heinz-J\u00fcrgen Rei\u00df<\/p>\n<p><img decoding=\"async\" src=\"https:\/\/www.europesays.com\/de\/wp-content\/uploads\/2025\/11\/2025-10-29-ostercappeln-partnerschaft-bolbec-wittlage-2.jpg\" title=\"v.l. Michelle und Marc Lecomte, Anorte, Ronald und Anna Fortmann\" alt=\"v.l. Michelle und Marc Lecomte, Anorte, Ronald und Anna Fortmann\" class=\"lightbox__single-image__content__image-wrapper__img\" loading=\"lazy\" width=\"375\" height=\"250\"\/>Icon MaximizeIcon Lightbox Maximize<\/p>\n<p>SchliessenX ZeichenKleines Zeichen welches ein X symbolisiert<\/p>\n<p><img class=\"lightbox--enabled__container__image-wrapper__img\" alt=\"\"\/><\/p>\n<p class=\"\">\n                    Zwischen den Lions Clubs Bolbec und Bad Essen\/Wittlage gibt es seit vielen Jahren einen Kontakt, der durch die Teilnahme einer Delegation am Austausch ausgebaut werden soll.\n            <\/p>\n<p>            Seit Jahren Teil des Austausches<\/p>\n<p class=\"\">\n                    G\u00fcnter Harmeyer ist bereits seit 1966 dabei. Gemeinsam mit seiner Ehefrau Gertrud begr\u00fc\u00dfte er inzwischen circa 15 Mal G\u00e4ste im Rahmen des Austausches. Dieses Jahr sind es Valerie und Patrick Lecroq, die sich \u201eauf eine sch\u00f6ne gemeinsame Zeit freuen\u201c.\n            <\/p>\n<p>\n                                v.l. Valerie und Patrick Lecroq, Gertrud und G\u00fcnter Harmeyer<br \/>\n                            Foto: Heinz-J\u00fcrgen Rei\u00df<\/p>\n<p><img decoding=\"async\" src=\"https:\/\/www.europesays.com\/de\/wp-content\/uploads\/2025\/11\/2025-10-29-ostercappeln-partnerschaft-bolbec-wittlage-4.jpg\" title=\"v.l. Valerie und Patrick Lecroq, Gertrud und G\u00fcnter Harmeyer\" alt=\"v.l. Valerie und Patrick Lecroq, Gertrud und G\u00fcnter Harmeyer\" class=\"lightbox__single-image__content__image-wrapper__img\" loading=\"lazy\" width=\"375\" height=\"250\"\/>Icon MaximizeIcon Lightbox Maximize<\/p>\n<p>SchliessenX ZeichenKleines Zeichen welches ein X symbolisiert<\/p>\n<p><img class=\"lightbox--enabled__container__image-wrapper__img\" alt=\"\"\/><\/p>\n<p class=\"\">\n                    Die Bolbecer Elise und Vincent Breton beteiligen sich mit ihren zwei Kindern zum ersten Mal am Austausch und werden bei Ursula Ostmann wohnen. Allerdings bis auf ihre 10-j\u00e4hrige Tochter Eleanore, die bei der gleichaltrigen Josefine Ostmann, die im vergangenen Jahr allein am Austausch teilnahm, und deren Eltern Felix und Christiane \u00fcbernachten wird.\n            <\/p>\n<p>\n                                Familie Ostmann und Familie Breton<br \/>\n                            Foto: Heinz-J\u00fcrgen Rei\u00df<\/p>\n<p><img decoding=\"async\" src=\"https:\/\/www.europesays.com\/de\/wp-content\/uploads\/2025\/11\/2025-10-29-ostercappeln-partnerschaft-bolbec-wittlage-7.jpg\" title=\"Familie Ostmann und Familie Breton\" alt=\"Familie Ostmann und Familie Breton\" class=\"lightbox__single-image__content__image-wrapper__img\" loading=\"lazy\" width=\"375\" height=\"250\"\/>Icon MaximizeIcon Lightbox Maximize<\/p>\n<p>SchliessenX ZeichenKleines Zeichen welches ein X symbolisiert<\/p>\n<p><img class=\"lightbox--enabled__container__image-wrapper__img\" alt=\"\"\/><\/p>\n<p>            Freundschaft zwischen Wittlage und Bolbec<\/p>\n<p class=\"\">\n                    Marlon Scheiter und Aurelien Badmington (beide 14) haben sich im vergangenen Jahr kennengelernt. Beiden hat es so gut gefallen, dass sie dieses Jahr wieder mitmachen. Aurelien m\u00f6chte gerne \u201eandere L\u00e4nder und Kulturen entdecken\u201c. Sie freuen sich, dass jeweils drei weitere Freunde aus Bolbec und Wittlage mitmachen.\n            <\/p>\n<p>\n                                v.l. Marlon Scheiter und Aurelien Badmington<br \/>\n                            Foto: Heinz-J\u00fcrgen Rei\u00df<\/p>\n<p><img decoding=\"async\" src=\"https:\/\/www.europesays.com\/de\/wp-content\/uploads\/2025\/11\/2025-10-29-ostercappeln-partnerschaft-bolbec-wittlage-8.jpg\" title=\"v.l. Marlon Scheiter und Aurelien Badmington\" alt=\"v.l. Marlon Scheiter und Aurelien Badmington\" class=\"lightbox__single-image__content__image-wrapper__img\" loading=\"lazy\" width=\"375\" height=\"250\"\/>Icon MaximizeIcon Lightbox Maximize<\/p>\n<p>SchliessenX ZeichenKleines Zeichen welches ein X symbolisiert<\/p>\n<p><img class=\"lightbox--enabled__container__image-wrapper__img\" alt=\"\"\/><\/p>\n<p class=\"\">\n                    Zum dritten Mal treffen sich Francoise und Maryse Bombereau mit Edda und Friedrich Steffen, die bereits seit circa 20 Jahren mitmachen. Francoise und Friedrich sind beide im jeweiligen Gemeinderat t\u00e4tig und schon von daher an der Partnerschaft interessiert. Friedrich Steffen erinnert sich: \u201eEin besonderes Erlebnis war zum Beispiel vor einigen Jahren der Besuch im Franz\u00f6sischen Parlament.\u201c\n            <\/p>\n<p>\n                                v.l. Friedrich Steffen, Maryse und Francois Bombereau, Edda Steffen<br \/>\n                            Foto: Heinz-J\u00fcrgen Rei\u00df<\/p>\n<p><img decoding=\"async\" src=\"https:\/\/www.europesays.com\/de\/wp-content\/uploads\/2025\/11\/2025-10-29-ostercappeln-partnerschaft-bolbec-wittlage-9.jpg\" title=\"v.l. Friedrich Steffen, Maryse und Francois Bombereau, Edda Steffen\" alt=\"v.l. Friedrich Steffen, Maryse und Francois Bombereau, Edda Steffen\" class=\"lightbox__single-image__content__image-wrapper__img\" loading=\"lazy\" width=\"375\" height=\"250\"\/>Icon MaximizeIcon Lightbox Maximize<\/p>\n<p>SchliessenX ZeichenKleines Zeichen welches ein X symbolisiert<\/p>\n<p><img class=\"lightbox--enabled__container__image-wrapper__img\" alt=\"\"\/><\/p>\n<p>\n                \u201eGerade in der heutigen Zeit sind grenz\u00fcberschreitende Partnerschaften wichtig\u201c\n            <\/p>\n<p>Birgit Rother<\/p>\n<p>Gastgeberin<\/p>\n<p class=\"\">\n                    Freunde sind nach mehreren Treffen auch Birgit Rother und Isabelle Fondimare, die im Bolbecer Rathaus arbeitet und aktiv im Austauschkomitee mitwirkt. Birgit Rother freut sich auf die gemeinsame Zeit: \u201eIch m\u00f6chte unsere freundschaftliche Beziehung festigen. Gerade in der heutigen Zeit sind grenz\u00fcberschreitende Partnerschaften wichtig.\u201c\n            <\/p>\n<p>\n                                v.l. Birgit Rother und Isabelle Fondimare<br \/>\n                            Foto: Heinz-J\u00fcrgen Rei\u00df<\/p>\n<p><img decoding=\"async\" src=\"https:\/\/www.europesays.com\/de\/wp-content\/uploads\/2025\/11\/2025-10-29-ostercappeln-partnerschaft-bolbec-wittlage-10.jpg\" title=\"v.l. Birgit Rother und Isabelle Fondimare\" alt=\"v.l. Birgit Rother und Isabelle Fondimare\" class=\"lightbox__single-image__content__image-wrapper__img\" loading=\"lazy\" width=\"375\" height=\"250\"\/>Icon MaximizeIcon Lightbox Maximize<\/p>\n<p>SchliessenX ZeichenKleines Zeichen welches ein X symbolisiert<\/p>\n<p><img class=\"lightbox--enabled__container__image-wrapper__img\" alt=\"\"\/><\/p>\n<p class=\"\">\n                    Nach der Begr\u00fc\u00dfung im Veranstaltungszentrum beginnt am Donnerstag ein gemeinsames Programm mit vielen Angeboten. Unter anderem findet f\u00fcr alle G\u00e4ste und Gastgeber am Freitag von 11 bis 15 Uhr in der Oberschule Bohmte unter dem Motto \u201eAlle zusammen \u2013 gemeinsam etwas tun\u201c der \u201eTag der Begegnung\u201c und am Abend das \u201eFest der Begegnung\u201c im Gasthaus Beinker statt.\n            <\/p>\n<p class=\"\">\n                    Am Samstag werden die B\u00fcrgermeister aus Bolbec und dem Wittlager Land die historische Partnerschaftsurkunde per Unterschrift erneuern. Am Sonntagmorgen endet der Austausch mit der Abreise der Bolbecer G\u00e4ste.\n            <\/p>\n","protected":false},"excerpt":{"rendered":"Gro\u00dfe Freude herrschte am Mittwochabend, 29. Oktober, im Veranstaltungszentrum Schwagstorf als der Bus nach rund 12-st\u00fcndiger Fahrt aus&hellip;\n","protected":false},"author":2,"featured_media":543600,"comment_status":"","ping_status":"","sticky":false,"template":"","format":"standard","meta":{"footnotes":""},"categories":[3974],"tags":[331,332,22438,132677,548,663,3934,3980,156,13,14,15,30131,12,5265,3866],"class_list":{"0":"post-543599","1":"post","2":"type-post","3":"status-publish","4":"format-standard","5":"has-post-thumbnail","7":"category-frankreich","8":"tag-aktuelle-nachrichten","9":"tag-aktuelle-news","10":"tag-auszeichnungen","11":"tag-birgit-rother","12":"tag-eu","13":"tag-europa","14":"tag-europe","15":"tag-france","16":"tag-frankreich","17":"tag-headlines","18":"tag-nachrichten","19":"tag-news","20":"tag-premiere-world","21":"tag-schlagzeilen","22":"tag-spendenaktion","23":"tag-veranstaltungen"},"share_on_mastodon":{"url":"https:\/\/pubeurope.com\/@de\/115476251233401640","error":""},"_links":{"self":[{"href":"https:\/\/www.europesays.com\/de\/wp-json\/wp\/v2\/posts\/543599","targetHints":{"allow":["GET"]}}],"collection":[{"href":"https:\/\/www.europesays.com\/de\/wp-json\/wp\/v2\/posts"}],"about":[{"href":"https:\/\/www.europesays.com\/de\/wp-json\/wp\/v2\/types\/post"}],"author":[{"embeddable":true,"href":"https:\/\/www.europesays.com\/de\/wp-json\/wp\/v2\/users\/2"}],"replies":[{"embeddable":true,"href":"https:\/\/www.europesays.com\/de\/wp-json\/wp\/v2\/comments?post=543599"}],"version-history":[{"count":0,"href":"https:\/\/www.europesays.com\/de\/wp-json\/wp\/v2\/posts\/543599\/revisions"}],"wp:featuredmedia":[{"embeddable":true,"href":"https:\/\/www.europesays.com\/de\/wp-json\/wp\/v2\/media\/543600"}],"wp:attachment":[{"href":"https:\/\/www.europesays.com\/de\/wp-json\/wp\/v2\/media?parent=543599"}],"wp:term":[{"taxonomy":"category","embeddable":true,"href":"https:\/\/www.europesays.com\/de\/wp-json\/wp\/v2\/categories?post=543599"},{"taxonomy":"post_tag","embeddable":true,"href":"https:\/\/www.europesays.com\/de\/wp-json\/wp\/v2\/tags?post=543599"}],"curies":[{"name":"wp","href":"https:\/\/api.w.org\/{rel}","templated":true}]}}