{"id":543678,"date":"2025-11-01T20:53:10","date_gmt":"2025-11-01T20:53:10","guid":{"rendered":"https:\/\/www.europesays.com\/de\/543678\/"},"modified":"2025-11-01T20:53:10","modified_gmt":"2025-11-01T20:53:10","slug":"brutal-ehrlich-so-denken-heimische-hip-hop-kuenstler-ueber-die-haftbefehl-doku-babo-minden-aktuelle-news-nachrichten","status":"publish","type":"post","link":"https:\/\/www.europesays.com\/de\/543678\/","title":{"rendered":"\u201eBrutal ehrlich\u201c: So denken heimische Hip-Hop-K\u00fcnstler \u00fcber die Haftbefehl-Doku \u201eBabo\u201c | Minden: Aktuelle News &#038; Nachrichten"},"content":{"rendered":"<p class=\"em_text article-teaser-text\">Die Netflix-Doku \u00fcber den Frankfurter Rapper ist aktuell in aller Munde &#8211; so auch bei heimischen K\u00fcnstlern. Sie zeigen sich beeindruckt, schockiert und vergleichen die Doku mit dem Film \u201eWir Kinder vom Bahnhof Zoo\u201c, weil sie auch f\u00fcr Drogenpr\u00e4vention genutzt werden k\u00f6nnte.<\/p>\n<p>3 \u20ac im ersten Monat <\/p>\n<p>monatlich online k\u00fcndbar<\/p>\n<p><a href=\"https:\/\/www.mt.de\/abo\/checkout?abos=W7VN_4461&amp;utm_source=paywall&amp;utm_medium=mt&amp;utm_campaign=halloween&amp;utm_id=Halloween&amp;em_cnt=24205385&amp;em_loc=22535\" class=\"btn btn-primary funnel-entry\" data-upscore-conversion=\"https:\/\/www.mt.de\/lokales\/minden\/1\" data-label=\"Artikel-Overlay\" data-product=\"MT+ Monatsabo\" data-price=\"12 EUR\/Monat\" style=\"background-color: #000000;border-color: #000000;padding: 15px 40px;margin: 15px 0;border-radius: 5px;font-weight: 600;color: #ffffff;\" rel=\"nofollow noopener\" target=\"_blank\">Jetzt testen<\/a><\/p>\n<p>Immer gut informiert!<\/p>\n<p> Inklusive MT+-Updates per E-Mail<br \/> Weniger Werbung<\/p>\n<p>Bereits Abonnent?<\/p>\n<p><a class=\"paywallbtnlogin\" href=\"#anmeldung\" style=\"color: white;font-size: 1rem;text-decoration:none;border: 1px var(--white) solid;padding: 10px 110px;margin-bottom: 20px !important;display: initial;border-radius: 0\">Anmelden<\/a><\/p>\n<p class=\"d-none text-center mt-4 noabo\">Noch kein Abo? <a class=\"text-underline\" style=\"color:#fff!important;text-decoration: underline;\" href=\"https:\/\/www.mt.de\/abo\/checkout?abos=W7VN_4461&amp;utm_source=paywall&amp;utm_medium=mt&amp;utm_campaign=cookie-abonnent&amp;utm_id=Cookie-Abonnent\" target=\"_blank\" rel=\"nofollow noopener\">Hier testen!<\/a><\/p>\n","protected":false},"excerpt":{"rendered":"Die Netflix-Doku \u00fcber den Frankfurter Rapper ist aktuell in aller Munde &#8211; so auch bei heimischen K\u00fcnstlern. Sie&hellip;\n","protected":false},"author":2,"featured_media":543679,"comment_status":"","ping_status":"","sticky":false,"template":"","format":"standard","meta":{"footnotes":"","_share_on_mastodon":"0"},"categories":[1772],"tags":[36884,55515,2037,29,433,132688,214,2050,30,503,132687,130142,1346,132691,737,22055,86965,1779,810,2846,19212,656,132689,293,132690,1897,151,215,1506],"class_list":["post-543678","post","type-post","status-publish","format-standard","has-post-thumbnail","category-musik","tag-sterreich","tag-clueso","tag-bahnhof","tag-deutschland","tag-drogen","tag-elyas-m","tag-entertainment","tag-frankfurt","tag-germany","tag-haftbefehl","tag-italo-reno","tag-juan-moreno","tag-kokain","tag-label_4500-l","tag-meta_userneeds_lenkeab","tag-minden","tag-mt_instagram","tag-music","tag-musik","tag-netflix","tag-offenbach","tag-olympia","tag-schnebeck","tag-schweiz","tag-shaikh","tag-streaming","tag-tiktok","tag-unterhaltung","tag-youtube"],"share_on_mastodon":{"url":"https:\/\/pubeurope.com\/@de\/115476431178938603","error":""},"_links":{"self":[{"href":"https:\/\/www.europesays.com\/de\/wp-json\/wp\/v2\/posts\/543678","targetHints":{"allow":["GET"]}}],"collection":[{"href":"https:\/\/www.europesays.com\/de\/wp-json\/wp\/v2\/posts"}],"about":[{"href":"https:\/\/www.europesays.com\/de\/wp-json\/wp\/v2\/types\/post"}],"author":[{"embeddable":true,"href":"https:\/\/www.europesays.com\/de\/wp-json\/wp\/v2\/users\/2"}],"replies":[{"embeddable":true,"href":"https:\/\/www.europesays.com\/de\/wp-json\/wp\/v2\/comments?post=543678"}],"version-history":[{"count":0,"href":"https:\/\/www.europesays.com\/de\/wp-json\/wp\/v2\/posts\/543678\/revisions"}],"wp:featuredmedia":[{"embeddable":true,"href":"https:\/\/www.europesays.com\/de\/wp-json\/wp\/v2\/media\/543679"}],"wp:attachment":[{"href":"https:\/\/www.europesays.com\/de\/wp-json\/wp\/v2\/media?parent=543678"}],"wp:term":[{"taxonomy":"category","embeddable":true,"href":"https:\/\/www.europesays.com\/de\/wp-json\/wp\/v2\/categories?post=543678"},{"taxonomy":"post_tag","embeddable":true,"href":"https:\/\/www.europesays.com\/de\/wp-json\/wp\/v2\/tags?post=543678"}],"curies":[{"name":"wp","href":"https:\/\/api.w.org\/{rel}","templated":true}]}}