{"id":543819,"date":"2025-11-01T22:15:23","date_gmt":"2025-11-01T22:15:23","guid":{"rendered":"https:\/\/www.europesays.com\/de\/543819\/"},"modified":"2025-11-01T22:15:23","modified_gmt":"2025-11-01T22:15:23","slug":"the-voice-kids-thore-schoelermann-verlaesst-erfolgsformat-unterhaltung","status":"publish","type":"post","link":"https:\/\/www.europesays.com\/de\/543819\/","title":{"rendered":"\u201eThe Voice Kids\u201c: Thore Sch\u00f6lermann verl\u00e4sst Erfolgsformat | Unterhaltung"},"content":{"rendered":"<p>M\u00fcnchen \u2013 <b>Er ist seit Jahren das Gesicht von \u201eThe Voice of Germany\u201c und der \u201eJugend\u201c-Variante (ProSieben\/Sat.1). Doch bei einer der beliebten Casting-Shows m\u00fcssen Zuschauer bald ohne ihn auskommen. Moderator Thore Sch\u00f6lermann macht Schluss &#8230;<\/b><\/p>\n<p>BILD erfuhr exklusiv: Nach zw\u00f6lf Jahren steigt der TV-Mann bei <a href=\"https:\/\/www.bild.de\/unterhaltung\/tv\/the-voice-kids\/thevoicekids-alle-infos-76953362.bild.html\" class=\"text-link\" target=\"_blank\" rel=\"noopener\">\u201eThe Voice Kids\u201c<\/a> aus. Es ist nach fast 400 Shows keine Entscheidung gegen das Format, wie Sch\u00f6lermann gegen\u00fcber BILD betont. Es ist ein Schritt f\u00fcr die eigenen Kids und f\u00fcr einen neuen Lebens- und Jobabschnitt.<\/p>\n<p><img decoding=\"async\" width=\"992\" height=\"656\" alt=\"Lernten sich beim Dreh von \u201eVerbotene Liebe\u201c kennen und heirateten 2019: Thore und Jana (38) Sch\u00f6lermann haben mittlerweile zwei gemeinsame Kinder\" src=\"https:\/\/www.europesays.com\/de\/wp-content\/uploads\/2025\/11\/a51155ef3685ec1568055e1c5aae1123,4e0ae0bf\"   class=\"dynamic\" loading=\"lazy\"\/><\/p>\n<p class=\"fig__caption__text\">Lernten sich beim Dreh von \u201eVerbotene Liebe\u201c kennen und heirateten 2019: Thore und Jana (38) Sch\u00f6lermann haben mittlerweile zwei gemeinsame Kinder<\/p>\n<p>Foto: Getty Images<\/p>\n<p>Vor vier Jahren wurden Thore und <a href=\"https:\/\/www.bild.de\/unterhaltung\/stars-und-leute\/thore-und-jana-schoelermann-the-voice-moderator-wieder-papa-geworden-666976c2dca95846215b3f05\" class=\"text-link\" target=\"_blank\" rel=\"noopener\">Ehefrau Jana<\/a> (verheiratet seit 2019) erstmals Eltern einer Tochter. Im Juni 2024 komplettierte ein Sohn das Familiengl\u00fcck. Sch\u00f6lermann, der aufgrund seiner Erfahrung auch als \u201eVoice-Europameister\u201c gilt: \u201eJana und ich haben uns vor und hinter der Kamera bei \u201aVerbotene Liebe\u2018 kennengelernt. Sp\u00e4ter war dann zum Gl\u00fcck nichts mehr verboten. Auch nicht, immer neu aufs Leben zu schauen.\u201c<\/p>\n<p>Mehr zum Thema<\/p>\n<p>Jetzt wird neu sortiert. Nach mehr als einem Jahrzehnt als dienst\u00e4ltester<a href=\"https:\/\/www.bild.de\/unterhaltung\/tv\/the-voice\/the-voice-of-germany-alle-infos-76680822.bild.html\" class=\"text-link\" target=\"_blank\" rel=\"noopener\"> \u201eThe Voice\u201c<\/a>-Moderator Europas verl\u00e4sst er die \u201eKids\u201c-Version.<\/p>\n<p><img decoding=\"async\" width=\"992\" height=\"1178\" alt=\"So ging\u2019s los: Thore Sch\u00f6lermann \u00fcbernahm vor mehr als zehn Jahren den Job bei \u201eThe Voice\u201c und wurde zu einem der bekanntesten Moderatoren Deutschlands\" src=\"https:\/\/www.europesays.com\/de\/wp-content\/uploads\/2025\/11\/56fe484bdd16df377d45e8151e0a4a58,950ef387\"   class=\"portrait\" loading=\"lazy\"\/><\/p>\n<p class=\"fig__caption__text\">So ging\u2019s los: Thore Sch\u00f6lermann \u00fcbernahm vor mehr als zehn Jahren den Job bei \u201eThe Voice\u201c und wurde zu einem der bekanntesten Moderatoren Deutschlands<\/p>\n<p>Foto: Privat<\/p>\n<p>F\u00fcr viele Teilnehmer war Sch\u00f6lermann Anlaufpunkt, eine Art Papa-Figur hinter Mikro und Kulissen. Prominente Coaches (<a href=\"https:\/\/www.bild.de\/themen\/personen\/nena\/musik-nachrichten-news-fotos-videos-15798976.bild.html\" class=\"text-link\" target=\"_blank\" rel=\"noopener\">Nena<\/a>, 65, <a href=\"https:\/\/www.bild.de\/unterhaltung\/stars-und-leute\/mark-forster-im-steckbrief-haben-sie-das-ueber-den-saenger-gewusst-664c9f152c12487f81716020\" class=\"text-link\" target=\"_blank\" rel=\"noopener\">Mark Forster<\/a>, 42) kamen und gingen, setzten backstage oft auf seine Expertise. Der Unterhaltungsprofi war immer dabei. Seine Position soll nach BILD-Infos nicht neu besetzt werden. Co-Moderatorin Melissa Khalaj (36) soll bei der 14. Staffel Anfang 2026 solo \u00fcbernehmen.<\/p>\n<p><img decoding=\"async\" width=\"992\" height=\"558\" alt=\"Immer nah dran, immer Ansprechpartner f\u00fcr kleine und gr\u00f6\u00dfere Sorgen der Teilnehmer: Thore Sch\u00f6lermann (l.)  geh\u00f6rte seit dem Start zu \u201eThe Voice Kids\u201c\" src=\"https:\/\/www.europesays.com\/de\/wp-content\/uploads\/2025\/11\/09bdbcdf48d39cf282e6763753789c71,cff3c574\"   class=\"landscape\" loading=\"lazy\"\/><\/p>\n<p class=\"fig__caption__text\">Immer nah dran, immer Ansprechpartner f\u00fcr kleine und gr\u00f6\u00dfere Sorgen der Teilnehmer: Thore Sch\u00f6lermann (l.)  geh\u00f6rte seit dem Start zu \u201eThe Voice Kids\u201c <\/p>\n<p>Foto: picture alliance \/ Geisler-Fotopress<\/p>\n<p>Die gute Nachricht f\u00fcr Fans: Dem Ur-Format f\u00fcr Erwachsene bleibt er erhalten. \u201eIch habe der Show viel zu verdanken, liebe das Format und hoffe, hier auch in Zukunft noch Talente im Scheinwerferlicht begleiten zu d\u00fcrfen.\u201c<\/p>\n<p>Schon 2024 trat er im TV etwas k\u00fcrzer<\/p>\n<p>Bereits im vergangenen Jahr fuhr Papa Thore seine Einsatzzeit im Fernsehen zur\u00fcck, stieg beim Magazin <a href=\"https:\/\/www.bild.de\/unterhaltung\/tv-fernsehformate\/taff-alle-infos-zu-moderation-konzept-und-sendezeiten-im-ueberblick-661e2539ddeb517ae50e9018\" class=\"text-link\" target=\"_blank\" rel=\"noopener\">\u201etaff\u201c<\/a> aus, um mehr Zeit f\u00fcr Familie und neue Bet\u00e4tigungsfelder zu haben.<\/p>\n<p>\u00a0\u201eEs ver\u00e4ndern sich Sichtweisen und Priorit\u00e4ten. Ich habe k\u00fcnftig Lust, mich auch abseits des Mediengesch\u00e4fts unternehmerisch zu bet\u00e4tigen\u201c, sagt die \u201eThe Voice\u201c-Legende.<\/p>\n","protected":false},"excerpt":{"rendered":"M\u00fcnchen \u2013 Er ist seit Jahren das Gesicht von \u201eThe Voice of Germany\u201c und der \u201eJugend\u201c-Variante (ProSieben\/Sat.1). Doch&hellip;\n","protected":false},"author":2,"featured_media":543820,"comment_status":"","ping_status":"","sticky":false,"template":"","format":"standard","meta":{"footnotes":""},"categories":[1773],"tags":[29,214,30,3881,1307,13002,132705,471,1780,45,1308,74688,215],"class_list":{"0":"post-543819","1":"post","2":"type-post","3":"status-publish","4":"format-standard","5":"has-post-thumbnail","7":"category-serien","8":"tag-deutschland","9":"tag-entertainment","10":"tag-germany","11":"tag-moderator","12":"tag-prosieben","13":"tag-sat-1","14":"tag-schoelermann-thore","15":"tag-serien","16":"tag-series","17":"tag-texttospeech","18":"tag-the-voice","19":"tag-the-voice-kids","20":"tag-unterhaltung"},"share_on_mastodon":{"url":"https:\/\/pubeurope.com\/@de\/115476754386710085","error":""},"_links":{"self":[{"href":"https:\/\/www.europesays.com\/de\/wp-json\/wp\/v2\/posts\/543819","targetHints":{"allow":["GET"]}}],"collection":[{"href":"https:\/\/www.europesays.com\/de\/wp-json\/wp\/v2\/posts"}],"about":[{"href":"https:\/\/www.europesays.com\/de\/wp-json\/wp\/v2\/types\/post"}],"author":[{"embeddable":true,"href":"https:\/\/www.europesays.com\/de\/wp-json\/wp\/v2\/users\/2"}],"replies":[{"embeddable":true,"href":"https:\/\/www.europesays.com\/de\/wp-json\/wp\/v2\/comments?post=543819"}],"version-history":[{"count":0,"href":"https:\/\/www.europesays.com\/de\/wp-json\/wp\/v2\/posts\/543819\/revisions"}],"wp:featuredmedia":[{"embeddable":true,"href":"https:\/\/www.europesays.com\/de\/wp-json\/wp\/v2\/media\/543820"}],"wp:attachment":[{"href":"https:\/\/www.europesays.com\/de\/wp-json\/wp\/v2\/media?parent=543819"}],"wp:term":[{"taxonomy":"category","embeddable":true,"href":"https:\/\/www.europesays.com\/de\/wp-json\/wp\/v2\/categories?post=543819"},{"taxonomy":"post_tag","embeddable":true,"href":"https:\/\/www.europesays.com\/de\/wp-json\/wp\/v2\/tags?post=543819"}],"curies":[{"name":"wp","href":"https:\/\/api.w.org\/{rel}","templated":true}]}}