{"id":543821,"date":"2025-11-01T22:16:13","date_gmt":"2025-11-01T22:16:13","guid":{"rendered":"https:\/\/www.europesays.com\/de\/543821\/"},"modified":"2025-11-01T22:16:13","modified_gmt":"2025-11-01T22:16:13","slug":"bjoern-amadeus-kahl-aus-osnabrueck-hat-einen-esc-song-produziert","status":"publish","type":"post","link":"https:\/\/www.europesays.com\/de\/543821\/","title":{"rendered":"Bj\u00f6rn Amadeus Kahl aus Osnabr\u00fcck hat einen ESC-Song produziert"},"content":{"rendered":"<p class=\"\">\n                    Es ist Donnerstagnachmittag, und Osnabr\u00fcck zeigt sich von seiner herbstlichen Seite: grauer Himmel, leicht windig, es nieselt. Das passt gut zur Stimmung, mit der manch deutscher ESC-Fan mittlerweile auf den Eurovision Song Contest blicken k\u00f6nnte. Seitdem Lena Meyer-Landrut den ESC im Jahr 2010 f\u00fcr Deutschland gewann, schafften es die deutschen Beitr\u00e4ge nicht mehr aus dem Keller der Platzierung hinaus.\n            <\/p>\n<p class=\"\">\n                    Deshalb klingt der Plan von Bj\u00f6rn Amadeus Kahl auch so ambitioniert. Geht es nach dem Osnabr\u00fccker, dann steht er im Mai 2026 nicht nur auf der B\u00fchne des Eurovision Song Contests, um Deutschland zu repr\u00e4sentieren, sondern entscheidet den Wettbewerb auch f\u00fcr sich. \u201eDer n\u00e4chste ESC findet in Wien statt. W\u00e4re doch genial, wenn der Gewinner dann Amadeus hei\u00dfen w\u00fcrde\u201c, sagt er schmunzelnd.\u00a0\n            <\/p>\n<p>            Erst muss Kahl den Vorentscheid \u00fcberstehen<\/p>\n<p class=\"\">\n                    An diesem Donnerstag sitzt Kahl am Fl\u00fcgel des Klavierhauses Rohlfing. Drau\u00dfen rauscht der Verkehr \u00fcber die Bramscher Stra\u00dfe, drinnen l\u00e4uft sein Song \u00fcber die Boxen. Eine Woche hat er das St\u00fcck gemeinsam mit drei Freunden bei Rohlfing produziert \u2013 auch das ist ambitioniert. \u201eIn der Regel dauert das Songwriting deutlich l\u00e4nger\u201c, erkl\u00e4rt Kahl, \u201edie Frist sa\u00df uns im Nacken.\u201d\n            <\/p>\n<p>\n                                Gemeinsam mit seinen Freunden hat Bj\u00f6rn Amadeus Kahl einen Song produziert. Emily Eriksson unterst\u00fctzte ihn dabei.<br \/>\n                            Foto: Andr\u00e9 Havergo<\/p>\n<p><img decoding=\"async\" src=\"https:\/\/www.europesays.com\/de\/wp-content\/uploads\/2025\/11\/20251009-ifm-esc-ahav-1.jpg\" title=\"Gemeinsam mit seinen Freunden hat Bj\u00f6rn Amadeus Kahl einen Song produziert. Emily Eriksson unterst\u00fctzte ihn dabei. \" alt=\"Gemeinsam mit seinen Freunden hat Bj\u00f6rn Amadeus Kahl einen Song produziert. Emily Eriksson unterst\u00fctzte ihn dabei. \" class=\"lightbox__single-image__content__image-wrapper__img\" loading=\"lazy\" width=\"375\" height=\"250\"\/>Icon MaximizeIcon Lightbox Maximize<\/p>\n<p>SchliessenX ZeichenKleines Zeichen welches ein X symbolisiert<\/p>\n<p><img class=\"lightbox--enabled__container__image-wrapper__img\" alt=\"\"\/><\/p>\n<p class=\"\">\n                    Bis zum 22. Oktober war es m\u00f6glich, sich als deutscher Musiker mit einem Song f\u00fcr den deutschen Vorentscheid des ESC zu bewerben. Davon hat Bj\u00f6rn Amadeus Kahl durch Zufall erfahren. \u201eWir haben vier Tage intensiv an dem Song gearbeitet, jetzt steht nur noch das finale Mixen und Mastern an. Das \u00fcbernimmt ein befreundeter Produzent\u201c, sagt Kahl.\u00a0\n            <\/p>\n<p>Mehr Informationen:<\/p>\n<p>So wird \u00fcber den deutschen Beitrag entschiedengr\u00f6\u00dfer alsGr\u00f6\u00dfer als Zeichen<\/p>\n<p class=\"\">\n                    \u00dcber den j\u00e4hrlichen deutschen Beitrag f\u00fcr den ESC wird seit vielen Jahren im Vorentscheid entschieden. In diesem Jahr tr\u00e4gt der SWR diese Entscheidung in einem mehrstufigen Verfahren aus:\u00a0\n            <\/p>\n<p class=\"\">\n                    Zun\u00e4chst sortiert die SWR-Redaktion die vielversprechendsten Einsendungen vor. Danach werden die Songs einer internationalen Marktforschungsstudie unterzogen. Daraus entsteht eine Shortlist aus Musikern, die mit ihren Songs Ende Februar 2026 im Wettbewerb gegeneinander antreten. Wer dabei die Fachjury und die Zuschauer \u00fcberzeugen kann, geht im Mai als deutscher Beitrag f\u00fcr den ESC an den Start.\u00a0\n            <\/p>\n<p>            Warum Karl beim ESC mitmachen will <\/p>\n<p class=\"\">\n                    Eigene Songs schreibt Kahl schon seit \u00fcber zehn Jahren. Damit angefangen hat er w\u00e4hrend seines Popmusik-Studiums am Institut f\u00fcr Musik (IfM). Und schon w\u00e4hrend seines Studiums stand der Wahlosnabr\u00fccker auf der gro\u00dfen B\u00fchne: 2014 bewarb er sich bei \u201eThe Voice of Germany\u201c, schaffte es sogar bis in die Liveshows. In der letzten Runde vor dem Halbfinale schied er aus.\n            <\/p>\n<p class=\"\"><a href=\"https:\/\/www.noz.de\/lokales\/osnabrueck\/artikel\/the-voice-of-germany-the-voice-siegt-bjoern-amadeus-kahl-in-der-battle-show-23738896\" class=\"link underline-blue\" title=\"\" target=\"_blank\" rel=\"nofollow noopener\">Blick zur\u00fcck: The Voice: Siegt Bj\u00f6rn Amadeus Kahl in der Battle-Show?<\/a><\/p>\n<p class=\"\">\n                    \u201eDas war ein unfassbar aufregendes Erlebnis\u201c, sagt Kahl r\u00fcckblickend. \u201eDamals stand ich alleine auf der B\u00fchne. Wenn unser Song die SWR-Jury \u00fcberzeugt, dann trete ich gemeinsam mit meinen Freunden an. Das w\u00e4re etwas Unvergessliches.\u201c\u00a0\n            <\/p>\n<p>            Schon der zweite IfM-Absolvent, der sich f\u00fcr den ESC bewirbt <\/p>\n<p class=\"\">\n                    Bj\u00f6rn Amadeus Kahl w\u00e4re nicht der erste IfM-Absolvent, der sein Gl\u00fcck beim ESC probiert. Mit dem S\u00e4nger Jendrik trat vor vier Jahren ein ehemaliger Musical-Student aus Osnabr\u00fcck f\u00fcr Deutschland an. Sein ESC-Beitrag \u201eI don\u2019t feel hate\u201c transportierte zwar die richtige Botschaft, fiel beim internationalen Publikum aber durch. Jendrik landete weit abgeschlagen auf dem letzten Platz.\n            <\/p>\n<p class=\"\">\n                    F\u00fcr Bj\u00f6rn Amadeus Kahl geht es beim ESC nicht unbedingt um die Topplatzierung. \u201eDass Deutschland in den letzten Jahren so schlecht abgeschnitten hat, nimmt den Druck raus\u201c, sagt er schmunzelnd. \u201e\u00dcberhaupt mitzumachen, w\u00e4re das Gr\u00f6\u00dfte. Denn auch wenn man nur Platz 23 erreicht, haben Millionen Menschen deine Musik geh\u00f6rt.\u00a0\u201c\n            <\/p>\n<p>            So klingt Kahls ESC-Song<\/p>\n<p class=\"\">\n                    Die Musik, die Kahl ins Rennen f\u00fcr das ESC Finale schickt, ist leicht und positiv. Es ist ein Song, den man sich anh\u00f6rt, wenn man nachts durch die Stra\u00dfen l\u00e4uft. Er beginnt mit einem Intro, das an die Wiener Klassik erinnert und dann von treibenden Techno-Beats abgel\u00f6st wird.\n            <\/p>\n<p>\n                                Kahl sing auf Deutsch, Eriksson auf Schwedisch, im Song geht es um Wien. Besser kann man den Gedanken des ESC nicht auf den Punkt bringen.<br \/>\n                            Foto: Andr\u00e9 Havergo<\/p>\n<p><img decoding=\"async\" src=\"https:\/\/www.europesays.com\/de\/wp-content\/uploads\/2025\/11\/20251009-ifm-esc-ahav-3.jpg\" title=\"Kahl sing auf Deutsch, Eriksson auf Schwedisch, im Song geht es um Wien. Besser kann man den Gedanken des ESC nicht auf den Punkt bringen. \" alt=\"Kahl sing auf Deutsch, Eriksson auf Schwedisch, im Song geht es um Wien. Besser kann man den Gedanken des ESC nicht auf den Punkt bringen. \" class=\"lightbox__single-image__content__image-wrapper__img\" loading=\"lazy\" width=\"375\" height=\"250\"\/>Icon MaximizeIcon Lightbox Maximize<\/p>\n<p>SchliessenX ZeichenKleines Zeichen welches ein X symbolisiert<\/p>\n<p><img class=\"lightbox--enabled__container__image-wrapper__img\" alt=\"\"\/><\/p>\n<p class=\"\">\n                    Die Lyrics hat Kahl gemeinsam mit seiner Bandkollegin Emily Eriksson auf Deutsch und auf Schwedisch verfasst, inhaltlich geht es um eine Sommernacht in Wien. Besser kann ein Song den Gedanken der V\u00f6lkerverst\u00e4ndigung, dem Kernelement des ESC, nicht auf den Punkt bringen.\n            <\/p>\n<p class=\"\">\n                    Drau\u00dfen peitscht der Regen weiter gegen die Schaufenster. Aufklaren wird es heute nicht mehr. Hoffentlich ist das kein schlechtes Omen.\u00a0\n            <\/p>\n","protected":false},"excerpt":{"rendered":"Es ist Donnerstagnachmittag, und Osnabr\u00fcck zeigt sich von seiner herbstlichen Seite: grauer Himmel, leicht windig, es nieselt. Das&hellip;\n","protected":false},"author":2,"featured_media":543822,"comment_status":"","ping_status":"","sticky":false,"template":"","format":"standard","meta":{"footnotes":""},"categories":[1772],"tags":[48017,29,214,30,4926,42922,48512,1779,810,30135,741,48858,2271,215,6296],"class_list":{"0":"post-543821","1":"post","2":"type-post","3":"status-publish","4":"format-standard","5":"has-post-thumbnail","7":"category-musik","8":"tag-amadeus","9":"tag-deutschland","10":"tag-entertainment","11":"tag-germany","12":"tag-inspirieren","13":"tag-kulturpreise","14":"tag-lena-meyer-landrut","15":"tag-music","16":"tag-musik","17":"tag-newcomer","18":"tag-osnabrueck","19":"tag-suedwestrundfunk-swr","20":"tag-u-musik","21":"tag-unterhaltung","22":"tag-wien"},"share_on_mastodon":{"url":"https:\/\/pubeurope.com\/@de\/115476757586230225","error":""},"_links":{"self":[{"href":"https:\/\/www.europesays.com\/de\/wp-json\/wp\/v2\/posts\/543821","targetHints":{"allow":["GET"]}}],"collection":[{"href":"https:\/\/www.europesays.com\/de\/wp-json\/wp\/v2\/posts"}],"about":[{"href":"https:\/\/www.europesays.com\/de\/wp-json\/wp\/v2\/types\/post"}],"author":[{"embeddable":true,"href":"https:\/\/www.europesays.com\/de\/wp-json\/wp\/v2\/users\/2"}],"replies":[{"embeddable":true,"href":"https:\/\/www.europesays.com\/de\/wp-json\/wp\/v2\/comments?post=543821"}],"version-history":[{"count":0,"href":"https:\/\/www.europesays.com\/de\/wp-json\/wp\/v2\/posts\/543821\/revisions"}],"wp:featuredmedia":[{"embeddable":true,"href":"https:\/\/www.europesays.com\/de\/wp-json\/wp\/v2\/media\/543822"}],"wp:attachment":[{"href":"https:\/\/www.europesays.com\/de\/wp-json\/wp\/v2\/media?parent=543821"}],"wp:term":[{"taxonomy":"category","embeddable":true,"href":"https:\/\/www.europesays.com\/de\/wp-json\/wp\/v2\/categories?post=543821"},{"taxonomy":"post_tag","embeddable":true,"href":"https:\/\/www.europesays.com\/de\/wp-json\/wp\/v2\/tags?post=543821"}],"curies":[{"name":"wp","href":"https:\/\/api.w.org\/{rel}","templated":true}]}}