{"id":543827,"date":"2025-11-01T22:19:20","date_gmt":"2025-11-01T22:19:20","guid":{"rendered":"https:\/\/www.europesays.com\/de\/543827\/"},"modified":"2025-11-01T22:19:20","modified_gmt":"2025-11-01T22:19:20","slug":"ticker-40-real-schiesst-valencia-im-bernabeu-ab","status":"publish","type":"post","link":"https:\/\/www.europesays.com\/de\/543827\/","title":{"rendered":"Ticker: 4:0! Real schie\u00dft Valencia im Bernab\u00e9u ab"},"content":{"rendered":"<p>                                        ++ <a href=\"https:\/\/www.realtotal.de\/community\/threads\/11-spieltag-la-liga-real-madrid-vs-valencia-cf.36482\/#post-680280\" target=\"_blank\" rel=\"noopener\">Jetzt mitdiskutieren in der REAL TOTAL-COMMUNITY<\/a> ++<\/p>\n<p class=\"refresh-page\"><a href=\"https:\/\/www.realtotal.de\/real-madrid-fc-valencia-la-liga-live\/javascript:history.go(0)\" target=\"_blank\" rel=\"noopener\">Aktualisieren<\/a><\/p>\n<p>\ufeff<\/p>\n<p><strong>SCHLUSSPFIFF! Real Madrid gibt sich gegen den FC Valencia keine Bl\u00f6\u00dfe und gewinnt deutlich mit 4:0! In der ersten Halbzeit sorgten Kylian Mbappe und Jude Bellingham f\u00fcr die Tore, nach dem Seitenwechsel war es ein Traumtor von Alvaro Carreras. Damit ist die Generalprobe f\u00fcr das Champions-League-Topspiel gegen den FC Liverpool am Dienstag (4. November, 21 Uhr) bestens gelungen. In der Liga haben die Blancos den Vorsprung auf den FC Barcelona auf acht Punkte ausgebaut, der allerdings noch gegen den FC Elche im Einsatz ist.<\/strong><\/p>\n<p><strong>90<\/strong>. Guerra hat die gro\u00dfe M\u00f6glichkeit auf den Anschlusstreffer. Sein Torschuss landet am Innenpfosten und geht dann ins Aus.<\/p>\n<p><strong>88<\/strong>. Der eben eingewechselte Guerra zieht Endrick am Trikot und verhindert eine gute Chance der Blancos. Der junge Spanier bekommt daf\u00fcr die Gelbe Karte.<\/p>\n<p><strong>86<\/strong>. Die letzten Minuten im Bernabeu laufen. F\u00e4llt hier noch ein Tor?<\/p>\n<p>82. GOOOOOOOOOOOOOOOOOOOOOOOOOOL DEL REAL MADRID! WAS F\u00dcR EIN TRAUMTOR! Carreras h\u00e4mmert die Kugel von der linken Strafraumseite unhaltbar in den Winkel. SO kann man auch sein erstes Tor f\u00fcr die K\u00f6niglichen erzielen.<\/p>\n<p><strong>78<\/strong>. Saisondeb\u00fct f\u00fcr Endrick! Der junge Brasilianer kommt mit Rodrygo f\u00fcr Vinicius und Mbappe.<\/p>\n<p><strong>76<\/strong>. \u00dcber Umwege kommt die Kugel zu Camavinga, der aus 20 Metern einfach draufknallt, aber das Tor deutlich verpasst.<\/p>\n<p><strong>73<\/strong>. Die Schlussphase l\u00e4uft. Endrick und Rodrygo machen sich \u00fcbrigens warm, werden in den n\u00e4chsten Minuten dann wohl eingewechselt.<\/p>\n<p><strong>68<\/strong>. Dritter Wechsel der Blancos: Asencio kommt f\u00fcr Huijsen.<\/p>\n<p><strong>63<\/strong>. Auf der anderen Seite wird es pl\u00f6tzlich auch gef\u00e4hrlich. Der eingewechselte Almeida versucht es aus der Distanz und auch Courtois kann sich beweisen. Der Real-Torwart hat die Hand schnell oben und verhindert hier den Anschlusstreffer der G\u00e4ste.<\/p>\n<p><strong>62<\/strong>. Vinicius setzt sich auf der linken Seite stark durch, dr\u00e4nt in den Strafraum und spielt r\u00fcber zu Mbappe. Der Franzose zieht wuchtig ab und zwingt Keeper Agirrezabala zur Glanzparade. Die erste gute Chance in der 2. Halbzeit.<\/p>\n<p><strong>60<\/strong>. Die zweite H\u00e4lfte bietet aktuell nicht viel. Real tut das Mindeste, von Valencia kommt rein gar nichts.<\/p>\n<p><strong>55<\/strong>. Dreifachwechsel bei Valencia: Rioja, Thierry und Lopez gehen, Vazquez, Duro und C\u00f6mert sind neu dabei.<\/p>\n<p><strong>51<\/strong>. Nach dem Seitenwechsel ist bislang noch nicht viel passiert. Real hat mehr vom Spiel, Valencia verteidigt jetzt mit und Maus und will noch weitere Gegentore verhindern.<\/p>\n<p><strong>46. Weiter geht\u2019s im Bernabeu. Es gibt auch einige Wechsel auf beiden Seiten: Bei Real kommen Camavinga und Ceballos f\u00fcr G\u00fcler und Tchouameni. Bei Valencia ist Almeida neu im Spiel, Beltran ist raus.<\/strong><\/p>\n<p><strong>HALBZEIT! Das waren dann durchaus doch sehr interessante erste 45 Minuten. Die K\u00f6niglichen sind durch einen Elfmeter von Kylian Mbappe fr\u00fch in F\u00fchrung gegangen. Wenig sp\u00e4ter erh\u00f6hte der Franzose auf 2:0 und hatte sogar die M\u00f6glichkeit auf einen Hattrick. Doch kurz vor der Pause lie\u00df er Vinicius den zweiten Elfmeter schie\u00dfen, der wiederum scheiterte. Wenig sp\u00e4ter erzielte dann aber Bellingham den dritten Treffer in der ersten H\u00e4lfte. Alles sieht bislang mehr als nur nach einem Heimsieg aus. Werden weitere Tore folgen? Und auch interessant: Wird Alonso jetzt einige Stars f\u00fcr das Champions-League-Spiel gegen Liverpool schonen? Wir melden uns gleich wieder.<\/strong><\/p>\n<p><strong>45+5.<\/strong> Auf der anderen Seite bedient Vinicius im Strafraum Arda G\u00fcler, dessen Abschluss aber zu harmlos ist. Das h\u00e4tte auch gut und gerne das 4:0 sein k\u00f6nnen.<\/p>\n<p><strong>45+4.<\/strong> In den letzten Minuten hat Valencia einige Angriffe gehabt, die aber nicht ordentlich beendet wurde. Die Real-Abwehr l\u00e4sst rein gar nichts zu.<\/p>\n<p><strong>45<\/strong>. Es gibt sechs Minuten an Nachspielzeit drauf.<\/p>\n<p>44. GOOOOOOOOOOOOOOOOOOOOOOOOOOOL DEL REAL MADRID! Wenig sp\u00e4ter klingelt es dann doch im Valencia-Kasten. Bellingham bekommt die Kugel mit einem Traumpass von Valverde, setzt sich vor dem Strafraum stark gegen seinen Gegenspieler durch und zieht flach zum 3:0 ab. Was f\u00fcr ein Traumtor des Briten!<\/p>\n<p><strong>43. Vinicius tritt an und verschie\u00dft! Der Elfmeter des Brasilianers ist zu zentral und zu schwach geschossen. Torh\u00fcter Agirrezabala pariert und muss im Nachschuss erneut ran. Dieses Mal scheiterte Arda G\u00fcler.<\/strong><\/p>\n<p><strong>42. ELFMETER F\u00dcR REAL MADRID! Carreras wird von seinem Gegenspieler im Strafraum deutlich gefoult. Die Entscheidung ist korrekt.<\/strong><\/p>\n<p><strong>41<\/strong>. Die letzten Minuten vor der Halbzeit laufen. Passiert hier noch etwas?<\/p>\n<p><strong>36<\/strong>. Tchouameni stoppt einen Valencia-Angriff mit einem Foul und sieht daf\u00fcr die Gelbe Karte.<\/p>\n<p><strong>33<\/strong>. Real macht das bislang souver\u00e4n. Hinten lassen die K\u00f6niglichen nichts zu und nach vorne sieht das auch gut aus.<\/p>\n<p>31. GOOOOOOOOOOOOOOOOOOOOOOOOOOL DEL REAL MADRID! Doppelpack f\u00fcr Mbappe! Bellingham schickt Arda G\u00fcler toll auf die Reise. Der junge T\u00fcrke flankt von der linken Seite auf Mbappe, der dann per Halbvolley zum 2:0 trifft.<\/p>\n<p><strong>29<\/strong>. Valverde zieht wieder aus rund 17 Metern wuchtig ab, aber der Schuss ist zu zentral f\u00fcr den Keeper.<\/p>\n<p><strong>25<\/strong>. Real will jetzt schnell das zweite Tor machen. Von Valencia kommt so gut wie gar nichts mehr nach vorne.<\/p>\n<p><img fetchpriority=\"high\" decoding=\"async\" class=\"wp-image-870969 size-medium lazyload\" src=\"https:\/\/www.europesays.com\/de\/wp-content\/uploads\/2025\/11\/2025-11-01-kylian-mbappe-elfmeter-onf-560x327.jpg\" alt=\"Kylian Mbapp\u00e9 Real Madrid Valencia LaLiga Elfmeter\" width=\"560\" height=\"327\" data-  \/>Ein sicher verwandelter Elfmeter von Mbappe bringt die Real-F\u00fchrung \u2013 Foto: Denis Doyle\/Getty Images<\/p>\n<p><strong>22<\/strong>. Die F\u00fchrung ist durchaus verdient, da die K\u00f6niglichen die aktivere Mannschaft waren. Wie reagiert Valencia nun?<\/p>\n<p>19. GOOOOOOOOOOOOOOOOOOOL DEL REAL MADRID! Mbappe tritt an und verwandelt zur F\u00fchrung f\u00fcr die K\u00f6niglichen.<\/p>\n<p><strong>17. Der VAR meldet sich und der Schiri schaut sich die Szene selbst an. Nach einer schnellen \u00dcberpr\u00fcfung entscheidet er v\u00f6llig richtig auf Strafsto\u00df.<\/strong><\/p>\n<p><strong>15. Nach einer Mastantuono-Ecke kommt Militao zum Kopfball, verzieht nur knapp die F\u00fchrung. Aber ein Valencia-Spieler war noch dran \u2013 und das sichtbar mit der Hand. Mal schauen, ob der VAR sich einschaltet.<\/strong><\/p>\n<p><strong>14<\/strong>. Bellingham setzt sich auf der linken Seite gut in den Strafraum und zieht dann ab. Valencias Agirrezabala verhindert das 1:0 f\u00fcr Real aber mit einer guten Parade.<\/p>\n<p><strong>12. <\/strong>Valencia versteckt sich hier in der Anfangsphase keineswegs, traut sich immer mal wieder nach vorne. Doch Reals Abwehr steht bislang stabil.<\/p>\n<p><strong>5<\/strong>. Fr\u00fch hat Real die erste gute M\u00f6glichkeit! Arda G\u00fcler spielt einen Zuckerpass auf Mbappe, der vor dem Abschluss noch gest\u00f6rt wird. Ein Valencia-Spieler kl\u00e4rt zur Ecke. Der darauffolgende Eckball landet im R\u00fcckraum bei Valverde, der eine Rakete abzieht und knapp die F\u00fchrung verpasst.<\/p>\n<p><strong>1. Ansto\u00df! Real Madrid spielt die erste Halbzeit in den wei\u00dfen Trikots von links nach rechts.<\/strong><\/p>\n<p><strong>AUFSTELLUNG FC VALENCIA:<\/strong> Auch die Elf der G\u00e4ste liegt vor. Das ist sie: <strong>Agirrezabala \u2013 Correia, T\u00e1rrega, Copete, Gay\u00e1 \u2013 Rioja, Pepelu, Santamaria, L\u00f3pez \u2013 Beltr\u00e1n, Danjuma. <\/strong>Auf der Bank sitzt \u00fcbrigens unter anderem Hugo Duro, der Ex-Castilla-St\u00fcrmer traf in den letzten vier Duellen mit Real immer.<\/p>\n<p><strong>AUFSTELLUNG REAL MADRID: Die Anfangsformation ist offiziell. So treten die Blancos an: Courtois \u2013 Valverde, Milit\u00e3o, Huijsen, Carreras \u2013 Tchoaum\u00e9ni, G\u00fcler \u2013 Bellingham \u2013 Mastantuono, Mbapp\u00e9, Vin\u00edcius.<\/strong><\/p>\n<p><strong>Bank: Gonz\u00e1lez, Mestre, Alexander-Arnold, Asencio, F. Garc\u00eda, Mendy, Camavinga, Ceballos, Brahim, Endrick, Rodrygo, G. Garc\u00eda.<\/strong><\/p>\n<\/p>\n<p><strong>Fazit:<\/strong> Alonso rotiert so gut wie gar nicht, nimmt im Vergleich zum Cl\u00e1sico vor sechs Tagen mit Franco Mastantuono anstelle von Eduardo Camavina nur eine \u00c4nderung vor. Bei Trent Alexander-Arnold will er offenbar nichts \u00fcberst\u00fcrzen, der Neuzugang sitzt erneut auf der Bank. Mal sehen, welches taktische System es diesmal ist. Zuletzt gegen Juventus agierte Arda G\u00fcler im 4-2-3-1 mit Aur\u00e9lien Tchouam\u00e9ni auf der Doppelsechs, das k\u00f6nnte es wieder werden.<\/p>\n<p><a href=\"https:\/\/www.europesays.com\/de\/wp-content\/uploads\/2025\/11\/rma-val-elf.jpg\"><img loading=\"lazy\" decoding=\"async\" class=\"wp-image-870919 size-full lazyload\" src=\"https:\/\/www.europesays.com\/de\/wp-content\/uploads\/2025\/11\/rma-val-elf.jpg\" alt=\"\" width=\"1350\" height=\"1350\" data-  \/><\/a>So spielen die Blancos gegen Valencia<\/p>\n<p><strong>STREAMS: <\/strong>Unser Edin versorgt euch auf Social Media mit Eindr\u00fccken vor Ort, w\u00e4hrend Nils live geht \u2013 erst um 20:30 Uhr das <a href=\"https:\/\/www.instagram.com\/real_total\" target=\"_blank\" rel=\"noopener\">Warmup auf Instagram<\/a>, dann gegen 23:30 Uhr die <a href=\"https:\/\/www.youtube.com\/@REALTOTALYoutube\/featured\" target=\"_blank\" rel=\"noopener\">3. Halbzeit auf YouTube<\/a>.<\/p>\n<\/p>\n<p><strong>PERSONAL:<\/strong> Gute und schlechte Nachrichten f\u00fcr Xabi Alonso: Nach dem Cl\u00e1sico-Sieg hatte Daniel Carvajal am Knie einen Arthroskopie-Eingriff und wird rund zwei Monate ausfallen. Besonders bitter, da er in der Partie sein Comeback feierte. Doch das Verletztenlazarett lichtet sich allm\u00e4hlich. Neben Carvajal fallen \u201enur\u201c noch Antonio R\u00fcdiger (<a href=\"https:\/\/www.realtotal.de\/verletzung-antonio-ruediger-faellt-bei-real-madrid-lange-aus\/\" target=\"_blank\" rel=\"noopener\">Oberschenkel<\/a>) und der angeschlagene David Alaba aus. Gegen Valencia wird zudem Andriy Lunin gesperrt fehlen, da er bei der Rudelbildung gegen den FC Barcelona die Rote Karte kassierte. Wer gegen Valencia seine R\u00fcckkehr nach mehrmonatiger Pause feiern k\u00f6nnte, ist Neuzugang Trent Alexander-Arnold. Ob er von Anfang an spielen oder doch eher eingewechselt wird, wird sich zeigen. Die voraussichtliche Aufstellung und weitere interessante <a href=\"https:\/\/www.realtotal.de\/nicht-nur-fuer-vinicius-tag-der-offenen-rechnungen-gegen-valencia\/\" target=\"_blank\" rel=\"noopener\">Informationen gibt es wie immer in unserem Vorbericht.<\/a><\/p>\n<p><strong>\u00a1HOLA A TODOS! <\/strong>Der Cl\u00e1sico-Sieger ist wieder im Einsatz! Nach dem 2:1-Sieg gegen den FC Barcelona hatte Real Madrid unter der Woche kein Spiel, die Profis durften sich etwas erholen und bekamen sogar zwei Tage frei. Nun ist aber wieder LaLiga angesagt. Gegen\u00fcber dem Erzrivalen aus Katalonien wollen die K\u00f6niglichen die Tabellenf\u00fchrung zumindest f\u00fcr eine Nacht auf acht Punkte ausbauen. Daf\u00fcr m\u00fcssen zun\u00e4chst aber drei Punkte gegen den FC Valencia her, der am 11. Spieltag zu Gast ist. Ansto\u00df im Bernab\u00e9u ist um 21 Uhr. Die Begegnung k\u00f6nnt ihr\u00a0hier im <strong>REAL TOTAL<\/strong>-Liveticker und bei <a href=\"https:\/\/prf.hn\/click\/camref:1100l4qnz\" target=\"_blank\" rel=\"noopener noreferrer\">DAZN<\/a> verfolgen.<\/p>\n<p><img decoding=\"async\" src=\"https:\/\/www.europesays.com\/de\/wp-content\/uploads\/2025\/11\/cee5761437a64e72af8f6b2dcef050fb.gif\" alt=\"\" width=\"https:\/\/www.realtotal.de\/real-madrid-fc-valencia-la-liga-live\/1\" height=\"https:\/\/www.realtotal.de\/real-madrid-fc-valencia-la-liga-live\/1\" class=\"lazyload\"\/><\/p>\n<p>&#13;<br \/>\n\t\t<strong>5.00<\/strong> avg. rating (<strong>93<\/strong>% score) &#8211; <strong class=\"votes\">1<\/strong> vote\t<\/p>\n<p>\t<a href=\"https:\/\/www.betrugstest.com\/wettanbieter\/\" target=\"_blank\" rel=\"noopener\"><br \/><img decoding=\"async\" src=\"https:\/\/www.europesays.com\/de\/wp-content\/uploads\/2025\/04\/betrugstest-com.jpg\" style=\"border: 0px\" alt=\"Seri\u00f6se Wettanbieter auf www.betrugstest.com\" data-lazy-src=\"https:\/\/www.europesays.com\/de\/wp-content\/uploads\/2025\/04\/betrugstest-com.jpg\" data-cmp-info=\"10\" data-ll-status=\"loaded\" class=\"entered lazyloaded\"\/><br \/><\/a><br \/>\n                                    <script async src=\"\/\/www.instagram.com\/embed.js\"><\/script><\/p>\n","protected":false},"excerpt":{"rendered":"++ Jetzt mitdiskutieren in der REAL TOTAL-COMMUNITY ++ Aktualisieren \ufeff SCHLUSSPFIFF! Real Madrid gibt sich gegen den FC&hellip;\n","protected":false},"author":2,"featured_media":543828,"comment_status":"","ping_status":"","sticky":false,"template":"","format":"standard","meta":{"footnotes":""},"categories":[136],"tags":[29,56007,30,101000,3349,265],"class_list":{"0":"post-543827","1":"post","2":"type-post","3":"status-publish","4":"format-standard","5":"has-post-thumbnail","7":"category-sport","8":"tag-deutschland","9":"tag-fc-valencia","10":"tag-germany","11":"tag-laliga-2025-26","12":"tag-real-madrid","13":"tag-sport"},"share_on_mastodon":{"url":"https:\/\/pubeurope.com\/@de\/115476769982626880","error":""},"_links":{"self":[{"href":"https:\/\/www.europesays.com\/de\/wp-json\/wp\/v2\/posts\/543827","targetHints":{"allow":["GET"]}}],"collection":[{"href":"https:\/\/www.europesays.com\/de\/wp-json\/wp\/v2\/posts"}],"about":[{"href":"https:\/\/www.europesays.com\/de\/wp-json\/wp\/v2\/types\/post"}],"author":[{"embeddable":true,"href":"https:\/\/www.europesays.com\/de\/wp-json\/wp\/v2\/users\/2"}],"replies":[{"embeddable":true,"href":"https:\/\/www.europesays.com\/de\/wp-json\/wp\/v2\/comments?post=543827"}],"version-history":[{"count":0,"href":"https:\/\/www.europesays.com\/de\/wp-json\/wp\/v2\/posts\/543827\/revisions"}],"wp:featuredmedia":[{"embeddable":true,"href":"https:\/\/www.europesays.com\/de\/wp-json\/wp\/v2\/media\/543828"}],"wp:attachment":[{"href":"https:\/\/www.europesays.com\/de\/wp-json\/wp\/v2\/media?parent=543827"}],"wp:term":[{"taxonomy":"category","embeddable":true,"href":"https:\/\/www.europesays.com\/de\/wp-json\/wp\/v2\/categories?post=543827"},{"taxonomy":"post_tag","embeddable":true,"href":"https:\/\/www.europesays.com\/de\/wp-json\/wp\/v2\/tags?post=543827"}],"curies":[{"name":"wp","href":"https:\/\/api.w.org\/{rel}","templated":true}]}}