{"id":543927,"date":"2025-11-01T23:19:20","date_gmt":"2025-11-01T23:19:20","guid":{"rendered":"https:\/\/www.europesays.com\/de\/543927\/"},"modified":"2025-11-01T23:19:20","modified_gmt":"2025-11-01T23:19:20","slug":"leuzeknoten-neckartalstrasse-in-fahrtrichtung-esslingen-b10-wird-voll-gesperrt-nachrichten-aus-stuttgart","status":"publish","type":"post","link":"https:\/\/www.europesays.com\/de\/543927\/","title":{"rendered":"Leuzeknoten: Neckartalstra\u00dfe in Fahrtrichtung Esslingen (B10) wird voll gesperrt &#8211; Nachrichten aus Stuttgart"},"content":{"rendered":"<p><strong>Stuttgart. <\/strong> Bereits seit 2013 wird der Leuzeknoten modernisiert, denn zuk\u00fcnftig soll er die Bundesstra\u00dfen B10 und B14 miteinander verkn\u00fcpfen. Bereits im September bedeuteten die Arbeiten am Knoten und im Rosensteintunnel vor allem f\u00fcr Autofahrerinnen und Autofahrer, die aus dem Rems-Murr-Kreis nach Stuttgart wollten, Vollsperrung, Umleitung und Wartezeiten. Im November kommt eine weitere Sperrung hinzu.<\/p>\n<p>Vollsperrung zwischen Wilhelma und Leuzeknoten<\/p>\n<p>Das<\/p>\n","protected":false},"excerpt":{"rendered":"Stuttgart. Bereits seit 2013 wird der Leuzeknoten modernisiert, denn zuk\u00fcnftig soll er die Bundesstra\u00dfen B10 und B14 miteinander&hellip;\n","protected":false},"author":2,"featured_media":543928,"comment_status":"","ping_status":"","sticky":false,"template":"","format":"standard","meta":{"footnotes":""},"categories":[1830],"tags":[46527,1634,6399,3364,29,3439,30,108631,132726,108632,1441,3043],"class_list":{"0":"post-543927","1":"post","2":"type-post","3":"status-publish","4":"format-standard","5":"has-post-thumbnail","7":"category-stuttgart","8":"tag-b10","9":"tag-baden-wuerttemberg","10":"tag-bau","11":"tag-de","12":"tag-deutschland","13":"tag-esslingen","14":"tag-germany","15":"tag-leuzeknoten","16":"tag-neckartalstrasse","17":"tag-rosensteintunnel","18":"tag-stuttgart","19":"tag-vollsperrung"},"share_on_mastodon":{"url":"https:\/\/pubeurope.com\/@de\/115477005941247272","error":""},"_links":{"self":[{"href":"https:\/\/www.europesays.com\/de\/wp-json\/wp\/v2\/posts\/543927","targetHints":{"allow":["GET"]}}],"collection":[{"href":"https:\/\/www.europesays.com\/de\/wp-json\/wp\/v2\/posts"}],"about":[{"href":"https:\/\/www.europesays.com\/de\/wp-json\/wp\/v2\/types\/post"}],"author":[{"embeddable":true,"href":"https:\/\/www.europesays.com\/de\/wp-json\/wp\/v2\/users\/2"}],"replies":[{"embeddable":true,"href":"https:\/\/www.europesays.com\/de\/wp-json\/wp\/v2\/comments?post=543927"}],"version-history":[{"count":0,"href":"https:\/\/www.europesays.com\/de\/wp-json\/wp\/v2\/posts\/543927\/revisions"}],"wp:featuredmedia":[{"embeddable":true,"href":"https:\/\/www.europesays.com\/de\/wp-json\/wp\/v2\/media\/543928"}],"wp:attachment":[{"href":"https:\/\/www.europesays.com\/de\/wp-json\/wp\/v2\/media?parent=543927"}],"wp:term":[{"taxonomy":"category","embeddable":true,"href":"https:\/\/www.europesays.com\/de\/wp-json\/wp\/v2\/categories?post=543927"},{"taxonomy":"post_tag","embeddable":true,"href":"https:\/\/www.europesays.com\/de\/wp-json\/wp\/v2\/tags?post=543927"}],"curies":[{"name":"wp","href":"https:\/\/api.w.org\/{rel}","templated":true}]}}