{"id":544025,"date":"2025-11-02T00:14:23","date_gmt":"2025-11-02T00:14:23","guid":{"rendered":"https:\/\/www.europesays.com\/de\/544025\/"},"modified":"2025-11-02T00:14:23","modified_gmt":"2025-11-02T00:14:23","slug":"meldung-gegen-shein-in-frankreich-wegen-kinderaehnlicher-sexpuppen","status":"publish","type":"post","link":"https:\/\/www.europesays.com\/de\/544025\/","title":{"rendered":"Meldung gegen Shein in Frankreich wegen kinder\u00e4hnlicher Sexpuppen"},"content":{"rendered":"<p>      Meldung gegen Shein in Frankreich wegen kinder\u00e4hnlicher Sexpuppen<\/p>\n<p>            Kopiere den aktuellen Link<\/p>\n<p>          Zur Merkliste hinzuf\u00fcgen<\/p>\n<p>Wegen des Verkaufs von kinder\u00e4hnlichen Sexpuppen auf der Online-Verkaufsplattform Shein hat die franz\u00f6sische Anti-Betrugsbeh\u00f6rde die Justiz eingeschaltet. Auf der Plattform seien Sexpuppen mit &#8222;kindlichem Aussehen&#8220; angeboten worden, erkl\u00e4rte die Beh\u00f6rde am Samstag. Zudem seien die Puppen auf eine Art beschrieben worden, dass &#8222;an dem p\u00e4dopornografischen Charakter kaum zu zweifeln&#8220; sei. Sie habe den Vorfall der Justiz gemeldet, erkl\u00e4rte die Anti-Betrugsbeh\u00f6rde.<\/p>\n<p class=\"typo-body-sc-md is-initial\">Das Unternehmen teilte am Samstag mit, die Puppen seien &#8222;umgehend&#8220; von der Plattform entfernt worden. Es werde untersucht, wie die Anzeigen auf die Verkaufsplattform gelangen die Anbieter und die unternehmensinternen Kontrollen umgehen konnten. Zudem solle daf\u00fcr gesorgt werden, dass nicht \u00e4hnliche Produkte von anderen Verk\u00e4ufern angeboten werden k\u00f6nnten.<\/p>\n<p class=\"typo-body-sc-md\">Ein von der Zeitung &#8222;Le Parisien&#8220; ver\u00f6ffentlichter Screenshot zeigt eine Sexpuppe mit dem K\u00f6rperbau und dem Gesicht eines kleinen M\u00e4dchens und Teddy im Arm, flankiert von einer Produktbeschreibung mit klar sexuellem Unterton. Es sei nicht auszuschlie\u00dfen, dass Kinder auf der Suche nach einer Puppe auf Shein mit ein paar Klicks zu dem Sexpuppen-Angebot weitergeleitet w\u00fcrden, sagte Anti-Betrugsbeh\u00f6rdenchefin Alice Vilcot-Dutarte der Zeitung.<\/p>\n<p class=\"typo-body-sc-md\">Die franz\u00f6sischen Beh\u00f6rden hatten gegen die in China gegr\u00fcndete Online-Plattform in diesem Jahr bereits drei Strafen im Umfang von insgesamt 191 Millionen Euro verh\u00e4ngt &#8211; wegen Verst\u00f6\u00dfe gegen Vorschriften f\u00fcr Online-Cookies, irref\u00fchrender Werbung sowie nicht deklarierten Mikroplastiks in seinen Produkten.<\/p>\n<p class=\"typo-body-sc-md\">Auch die EU ermittelt gegen Shein wegen m\u00f6glicher Verst\u00f6\u00dfe gegen EU-Gesetze zum Verbraucherschutz und die Regeln f\u00fcr Online-Plattformen.\u00a0<\/p>\n<p>\n    AFP\n  <\/p>\n","protected":false},"excerpt":{"rendered":"Meldung gegen Shein in Frankreich wegen kinder\u00e4hnlicher Sexpuppen Kopiere den aktuellen Link Zur Merkliste hinzuf\u00fcgen Wegen des Verkaufs&hellip;\n","protected":false},"author":2,"featured_media":544026,"comment_status":"","ping_status":"","sticky":false,"template":"","format":"standard","meta":{"footnotes":""},"categories":[3974],"tags":[331,332,548,663,3934,3980,156,13,14,15,12],"class_list":{"0":"post-544025","1":"post","2":"type-post","3":"status-publish","4":"format-standard","5":"has-post-thumbnail","7":"category-frankreich","8":"tag-aktuelle-nachrichten","9":"tag-aktuelle-news","10":"tag-eu","11":"tag-europa","12":"tag-europe","13":"tag-france","14":"tag-frankreich","15":"tag-headlines","16":"tag-nachrichten","17":"tag-news","18":"tag-schlagzeilen"},"share_on_mastodon":{"url":"https:\/\/pubeurope.com\/@de\/115477221504856266","error":""},"_links":{"self":[{"href":"https:\/\/www.europesays.com\/de\/wp-json\/wp\/v2\/posts\/544025","targetHints":{"allow":["GET"]}}],"collection":[{"href":"https:\/\/www.europesays.com\/de\/wp-json\/wp\/v2\/posts"}],"about":[{"href":"https:\/\/www.europesays.com\/de\/wp-json\/wp\/v2\/types\/post"}],"author":[{"embeddable":true,"href":"https:\/\/www.europesays.com\/de\/wp-json\/wp\/v2\/users\/2"}],"replies":[{"embeddable":true,"href":"https:\/\/www.europesays.com\/de\/wp-json\/wp\/v2\/comments?post=544025"}],"version-history":[{"count":0,"href":"https:\/\/www.europesays.com\/de\/wp-json\/wp\/v2\/posts\/544025\/revisions"}],"wp:featuredmedia":[{"embeddable":true,"href":"https:\/\/www.europesays.com\/de\/wp-json\/wp\/v2\/media\/544026"}],"wp:attachment":[{"href":"https:\/\/www.europesays.com\/de\/wp-json\/wp\/v2\/media?parent=544025"}],"wp:term":[{"taxonomy":"category","embeddable":true,"href":"https:\/\/www.europesays.com\/de\/wp-json\/wp\/v2\/categories?post=544025"},{"taxonomy":"post_tag","embeddable":true,"href":"https:\/\/www.europesays.com\/de\/wp-json\/wp\/v2\/tags?post=544025"}],"curies":[{"name":"wp","href":"https:\/\/api.w.org\/{rel}","templated":true}]}}