{"id":544051,"date":"2025-11-02T00:30:33","date_gmt":"2025-11-02T00:30:33","guid":{"rendered":"https:\/\/www.europesays.com\/de\/544051\/"},"modified":"2025-11-02T00:30:33","modified_gmt":"2025-11-02T00:30:33","slug":"brand-in-bar-an-der-goerlitzer-strasse","status":"publish","type":"post","link":"https:\/\/www.europesays.com\/de\/544051\/","title":{"rendered":"Brand in Bar an der G\u00f6rlitzer Stra\u00dfe"},"content":{"rendered":"<p>Am Sonnabend (1. November 2025) kam es gegen 17.25 Uhr zu einem Feuerwehreinsatz auf der G\u00f6rlitzer Stra\u00dfe. In der Bar \u201ePina Colada\u201c gerieten auf dem Tresen abgelegte Gegenst\u00e4nde in Brand. Der daraus entstandene Schwelbrand f\u00fchrte zu starker Rauchentwicklung, die auch ein benachbartes Hostel beeintr\u00e4chtigte.<br \/>\n<img fetchpriority=\"high\" decoding=\"async\" src=\"https:\/\/www.europesays.com\/de\/wp-content\/uploads\/2025\/11\/2025-11-01-Feuerwehr1.jpg\" alt=\"Feuerwehreinsatz auf der G\u00f6rlitzer Stra\u00dfe - Foto: Roland Halkasch\" width=\"2400\" height=\"1350\" class=\"size-full wp-image-232559\"  \/>Feuerwehreinsatz auf der G\u00f6rlitzer Stra\u00dfe \u2013 Foto: Roland Halkasch\n<\/p>\n<p>Zun\u00e4chst vermuteten die Einsatzkr\u00e4fte den Ursprung des Feuers im Hostel Lollis Homestay. Da sich dort keine Hinweise fanden, wurde wenig sp\u00e4ter die benachbarte Bar als eigentliche Brandstelle identifiziert. Die Feuerwehr verschaffte sich Zutritt, \u00f6ffnete die Eingangst\u00fcr gewaltsam und l\u00f6schte den Brand mit einer K\u00fcbelspritze. Anschlie\u00dfend wurde das verkohlte Material ins Freie gebracht und die R\u00e4ume bel\u00fcftet.<br \/>\n<img loading=\"lazy\" decoding=\"async\" src=\"https:\/\/www.europesays.com\/de\/wp-content\/uploads\/2025\/11\/2025-11-01-Feuerwehr2.jpg\" alt=\"Die Feuerwehrleute machten den Brandherd in der zu dem Zeitpunkt noch geschlossenen Bar &quot;Pina Colada&quot; ausfindig. Foto: Roland Halkasch\" width=\"2400\" height=\"1350\" class=\"size-full wp-image-232558\"  \/>Die Feuerwehrleute machten den Brandherd in der zu dem Zeitpunkt noch geschlossenen Bar Pina Colada ausfindig. \u2013 Foto: Roland Halkasch<br \/>\n<img loading=\"lazy\" decoding=\"async\" src=\"https:\/\/www.europesays.com\/de\/wp-content\/uploads\/2025\/11\/2025-11-01-Feuerwehr3.jpg\" alt=\"Die angeschmorten Reste vom Tresen der Bar. Foto: Roland Halkasch\" width=\"2400\" height=\"1350\" class=\"size-full wp-image-232566\"  \/>Die angeschmorten Reste vom Tresen der Bar. Foto: Roland Halkasch\n<\/p>\n<p>Niemand verletzt<\/p>\n<p>Verletzt wurde bei dem Schwelbrand niemand. Die G\u00f6rlitzer Stra\u00dfe war f\u00fcr rund eine Stunde gesperrt, auch der Stra\u00dfenbahnverkehr der Linie 13 wurde umgeleitet. Vor Ort waren die Berufsfeuerwehr-Wachen aus Albertstadt, \u00dcbigau und Altstadt im Einsatz. Die Dresdner Polizei hat die Ermittlungen zur Brandursache aufgenommen.<br \/>\n<img loading=\"lazy\" decoding=\"async\" src=\"https:\/\/www.europesays.com\/de\/wp-content\/uploads\/2025\/11\/2025-11-01-Polizeisperrtab.jpg\" alt=\"F\u00fcr rund eine Stunde war die G\u00f6rlitzer Stra\u00dfe gesperrt. Foto: Sebastian Diehl\" width=\"2048\" height=\"1152\" class=\"size-full wp-image-232562\"  \/>F\u00fcr rund eine Stunde war die G\u00f6rlitzer Stra\u00dfe gesperrt. \u2013 Foto: Sebastian Diehl<\/p>\n","protected":false},"excerpt":{"rendered":"Am Sonnabend (1. November 2025) kam es gegen 17.25 Uhr zu einem Feuerwehreinsatz auf der G\u00f6rlitzer Stra\u00dfe. In&hellip;\n","protected":false},"author":2,"featured_media":544052,"comment_status":"","ping_status":"","sticky":false,"template":"","format":"standard","meta":{"footnotes":""},"categories":[1835],"tags":[3364,29,2386,3401,30,4229,859],"class_list":{"0":"post-544051","1":"post","2":"type-post","3":"status-publish","4":"format-standard","5":"has-post-thumbnail","7":"category-dresden","8":"tag-de","9":"tag-deutschland","10":"tag-dresden","11":"tag-feuerwehreinsatz","12":"tag-germany","13":"tag-neustadt","14":"tag-sachsen"},"share_on_mastodon":{"url":"https:\/\/pubeurope.com\/@de\/115477285395367595","error":""},"_links":{"self":[{"href":"https:\/\/www.europesays.com\/de\/wp-json\/wp\/v2\/posts\/544051","targetHints":{"allow":["GET"]}}],"collection":[{"href":"https:\/\/www.europesays.com\/de\/wp-json\/wp\/v2\/posts"}],"about":[{"href":"https:\/\/www.europesays.com\/de\/wp-json\/wp\/v2\/types\/post"}],"author":[{"embeddable":true,"href":"https:\/\/www.europesays.com\/de\/wp-json\/wp\/v2\/users\/2"}],"replies":[{"embeddable":true,"href":"https:\/\/www.europesays.com\/de\/wp-json\/wp\/v2\/comments?post=544051"}],"version-history":[{"count":0,"href":"https:\/\/www.europesays.com\/de\/wp-json\/wp\/v2\/posts\/544051\/revisions"}],"wp:featuredmedia":[{"embeddable":true,"href":"https:\/\/www.europesays.com\/de\/wp-json\/wp\/v2\/media\/544052"}],"wp:attachment":[{"href":"https:\/\/www.europesays.com\/de\/wp-json\/wp\/v2\/media?parent=544051"}],"wp:term":[{"taxonomy":"category","embeddable":true,"href":"https:\/\/www.europesays.com\/de\/wp-json\/wp\/v2\/categories?post=544051"},{"taxonomy":"post_tag","embeddable":true,"href":"https:\/\/www.europesays.com\/de\/wp-json\/wp\/v2\/tags?post=544051"}],"curies":[{"name":"wp","href":"https:\/\/api.w.org\/{rel}","templated":true}]}}