{"id":544105,"date":"2025-11-02T00:59:24","date_gmt":"2025-11-02T00:59:24","guid":{"rendered":"https:\/\/www.europesays.com\/de\/544105\/"},"modified":"2025-11-02T00:59:24","modified_gmt":"2025-11-02T00:59:24","slug":"grossraminger-fotografierte-komet-lemmon","status":"publish","type":"post","link":"https:\/\/www.europesays.com\/de\/544105\/","title":{"rendered":"Gro\u00dframinger fotografierte Komet Lemmon"},"content":{"rendered":"<p>\n                GROSSRAMING. Sterne faszinieren den Gro\u00dframinger Christian Sch\u00f6rkhuber. Nahe Steyr nahm er ein Foto von Komet C\/2025 A6 Lemmon auf.\n            <\/p>\n<p>Das Bild entstand vor einer Woche um etwa 19 Uhr. \u201eWenn man die M\u00f6glichkeit hat, dieses Objekt mit einem Feldstecher oder gar mit einem Teleskop zu beobachten, erscheint der Komet als gr\u00fcnlich schimmernde Kugel mit einem f\u00fcr diese Himmelsk\u00f6rper so typischen Schweif\u201c, erkl\u00e4rt Christian Sch\u00f6rkhuber. \u201eMan findet ihn am besten, wenn man erst das bekannte Sternbild des Gro\u00dfen Wagens sucht. Etwas nach Westen geht und in der N\u00e4he des Sternbildes B\u00e4renh\u00fcter ist dann der Komet Lemmon zu sehen.\u201c <\/p>\n<p>Wer eine ernsthafte Beobachtung in Erw\u00e4gung zieht, sollte diese in den n\u00e4chsten Tagen durchf\u00fchren, da Lemmon in absehbarer Zeit seine Reise in die Weiten des Weltalls fortsetzt und erst in \u00fcber 1.000 Jahren wieder am irdischen Nachthimmel erscheint.\u00a0\u00a0<\/p>\n","protected":false},"excerpt":{"rendered":"GROSSRAMING. Sterne faszinieren den Gro\u00dframinger Christian Sch\u00f6rkhuber. Nahe Steyr nahm er ein Foto von Komet C\/2025 A6 Lemmon&hellip;\n","protected":false},"author":2,"featured_media":544106,"comment_status":"","ping_status":"","sticky":false,"template":"","format":"standard","meta":{"footnotes":""},"categories":[1775],"tags":[1793,29,214,13692,30,132735,1794,132736,215],"class_list":{"0":"post-544105","1":"post","2":"type-post","3":"status-publish","4":"format-standard","5":"has-post-thumbnail","7":"category-kunst-und-design","8":"tag-art-and-design","9":"tag-deutschland","10":"tag-entertainment","11":"tag-foto","12":"tag-germany","13":"tag-komet-c-2025-a6-lemmon","14":"tag-kunst-und-design","15":"tag-schoerkhuber","16":"tag-unterhaltung"},"share_on_mastodon":{"url":"https:\/\/pubeurope.com\/@de\/115477398344900311","error":""},"_links":{"self":[{"href":"https:\/\/www.europesays.com\/de\/wp-json\/wp\/v2\/posts\/544105","targetHints":{"allow":["GET"]}}],"collection":[{"href":"https:\/\/www.europesays.com\/de\/wp-json\/wp\/v2\/posts"}],"about":[{"href":"https:\/\/www.europesays.com\/de\/wp-json\/wp\/v2\/types\/post"}],"author":[{"embeddable":true,"href":"https:\/\/www.europesays.com\/de\/wp-json\/wp\/v2\/users\/2"}],"replies":[{"embeddable":true,"href":"https:\/\/www.europesays.com\/de\/wp-json\/wp\/v2\/comments?post=544105"}],"version-history":[{"count":0,"href":"https:\/\/www.europesays.com\/de\/wp-json\/wp\/v2\/posts\/544105\/revisions"}],"wp:featuredmedia":[{"embeddable":true,"href":"https:\/\/www.europesays.com\/de\/wp-json\/wp\/v2\/media\/544106"}],"wp:attachment":[{"href":"https:\/\/www.europesays.com\/de\/wp-json\/wp\/v2\/media?parent=544105"}],"wp:term":[{"taxonomy":"category","embeddable":true,"href":"https:\/\/www.europesays.com\/de\/wp-json\/wp\/v2\/categories?post=544105"},{"taxonomy":"post_tag","embeddable":true,"href":"https:\/\/www.europesays.com\/de\/wp-json\/wp\/v2\/tags?post=544105"}],"curies":[{"name":"wp","href":"https:\/\/api.w.org\/{rel}","templated":true}]}}