{"id":544108,"date":"2025-11-02T01:02:17","date_gmt":"2025-11-02T01:02:17","guid":{"rendered":"https:\/\/www.europesays.com\/de\/544108\/"},"modified":"2025-11-02T01:02:17","modified_gmt":"2025-11-02T01:02:17","slug":"goslar-sven-regener-mit-musikpreis-goldener-ton-geehrt","status":"publish","type":"post","link":"https:\/\/www.europesays.com\/de\/544108\/","title":{"rendered":"Goslar: Sven Regener mit Musikpreis &#8222;Goldener Ton&#8220; geehrt"},"content":{"rendered":"<p>        <img decoding=\"async\" src=\"https:\/\/www.europesays.com\/de\/wp-content\/uploads\/2025\/11\/goldenerton-106.webp\" alt=\"Goslars Oberb\u00fcrgermeisterin Urte Schwerdtner \u00fcberreicht Sven Regener auf der B\u00fchne die Auszeichnung &quot;Goldener Ton&quot;.\" title=\"Goslars Oberb\u00fcrgermeisterin Urte Schwerdtner \u00fcberreicht Sven Regener auf der B\u00fchne die Auszeichnung &quot;Goldener Ton&quot;. | NDR, Janek Wiechers\" class=\"responsive\"\/><\/p>\n<p>\n            Stand: 01.11.2025 16:14 Uhr<\/p>\n<p class=\"preface\">Goslar hat zum ersten Mal den neu benannten Musikpreis &#8222;Goldener Ton&#8220; verliehen. Wegen der NS-Vergangenheit des Namensgebers wurde der Paul-Lincke-Ring umbenannt. Sven Regener nahm den Preis am Samstag entgegen.<\/p>\n<p class=\"\">Regener ist durch seine Band Element of Crime, sein Trompetenspiel sowie sein Buch und den gleichnamigen Film &#8222;Herr Lehmann&#8220; bekannt geworden. Die Jury lobte den 64-J\u00e4hrigen als &#8222;poetische Fachkraft f\u00fcr ironisch-lakonische Z\u00e4rtlichkeit&#8220;. Goslars Oberb\u00fcrgermeisterin Urte Schwerdtner (SPD) sagte \u00fcber den K\u00fcnstler, seine Texte seien &#8222;gepr\u00e4gt von pers\u00f6nlichen Leidenschaften&#8220;. Regener &#8222;zeichnet mit einfachen Begriffen eine Seelenlandschaft&#8220;, so Schwerdtner.<\/p>\n<p>    Regener forderte Aufarbeitung der NS-Vergangenheit<\/p>\n<p>                    <a href=\"https:\/\/www.europesays.com\/de\/wp-content\/uploads\/2025\/11\/goldenerton-104.webp\" class=\"zoomimage\" title=\"Bild vergr\u00f6\u00dfern\"><\/p>\n<p>        <img decoding=\"async\" src=\"https:\/\/www.europesays.com\/de\/wp-content\/uploads\/2025\/11\/goldenerton-104.webp\" alt=\"Sven Regener zeigt seinen Ring, die Auszeichnung &quot;Goldener Ton&quot;\" title=\"Sven Regener selbst stie\u00df die Debatte um den Namensgeber des Preises an. | picture alliance\/dpa | Swen Pf\u00f6rtner\" class=\"responsive\" loading=\"lazy\"\/><\/p>\n<p>                    <\/a><\/p>\n<p>                    Sven Regener selbst stie\u00df die Debatte um den Namensgeber des Preises an.<\/p>\n<p class=\"\">Der K\u00fcnstler war im vergangenen Jahr nominiert worden &#8211; damals noch f\u00fcr den Paul-Lincke-Ring. Regener hatte daraufhin eine <a href=\"https:\/\/www.ndr.de\/kultur\/Paul-Lincke-Ring-Goslar-prueft-NS-Verstrickungen-des-Komponisten,paullinckering114.html\" title=\"Paul-Lincke-Ring: Goslar pr\u00fcft NS-Verstrickungen des Komponisten\" rel=\"nofollow noopener\" target=\"_blank\">Aufarbeitung der NS-Vergangenheit<\/a> des Namensgebers der Auszeichnung eingefordert. Beauftragte Historiker konnten nachweisen, dass der Komponist Paul Lincke in die NS-Herrschaft verstrickt war und von ihr profitierte. Nach der Kritik war die Preisverleihung ausgesetzt worden, im April dieses Jahres hatte der Rat der Stadt Goslar die Umbenennung beschlossen.<\/p>\n<p>    Neuer Name &#8211; neues Design: Notenschl\u00fcssel und Kleeblatt<\/p>\n<p>                    <a href=\"https:\/\/www.europesays.com\/de\/wp-content\/uploads\/2025\/11\/goldenerton-102.webp\" class=\"zoomimage\" title=\"Bild vergr\u00f6\u00dfern\"><\/p>\n<p>        <img decoding=\"async\" src=\"https:\/\/www.europesays.com\/de\/wp-content\/uploads\/2025\/11\/goldenerton-102.webp\" alt=\"Ring mit einem Notenschl\u00fcssel und einem Kleeblatt - der Musikpreis &quot;Goldener Ton&quot;\" title=\"Der Ring hat mit der Umbenennung des Preises ein neues Design erhalten. | dpa Bildfunk, Swen Pf\u00f6rtner\" class=\"responsive\" loading=\"lazy\"\/><\/p>\n<p>                    <\/a><\/p>\n<p>                    Der Ring hat mit der Umbenennung des Preises ein neues Design erhalten.<\/p>\n<p class=\"\">Der Preis hat nun auch ein neues Design: Statt dem bisherigen Ring mit den Initialen des fr\u00fcheren Namenspatrons erhielt Regener einen Ring mit einem Notenschl\u00fcssel und einem Kleeblatt &#8211; dem Logo des Goslarer Ortsteils Hahnenklee. Ebenfalls neu ist, dass sich die Preistr\u00e4ger mit einer Widmung an einer Klanginstallation im Kurpark Hahnenklee beteiligen. Die Auszeichnung ist wie schon in der Vergangenheit undotiert.\u00a0Regener erhielt die umbenannte Auszeichnung r\u00fcckwirkend f\u00fcr das Jahr 2024.<\/p>\n<p>    Bekanntester Musikpreis Deutschlands<\/p>\n<p class=\"\">Der seit 1955 vergebene Paul-Lincke-Ring geh\u00f6rte zu den bekanntesten Musikpreisen in Deutschland. Zu den Ausgezeichneten geh\u00f6rten unter anderem Peter Maffay, Udo Lindenberg, <a href=\"https:\/\/www.ndr.de\/kultur\/Ina-Mueller-Portraet,inamueller237.html\" title=\"Ina M\u00fcller - Ein Portr\u00e4t\" rel=\"nofollow noopener\" target=\"_blank\">Ina M\u00fcller<\/a> und Annett Louisan.<\/p>\n<p>        <img decoding=\"async\" src=\"https:\/\/www.europesays.com\/de\/wp-content\/uploads\/2025\/11\/paullinckering112.webp\" alt=\"Der Paul-Lincke-Ring liegt vor der Preisverleihung auf einem Tisch.\" title=\"Der Paul-Lincke-Ring liegt vor der Preisverleihung auf einem Tisch. | picture alliance\/dpa, Swen Pf\u00f6rtner\" class=\"responsive\" loading=\"lazy\"\/><\/p>\n<p>Die Verleihung des Musikpreises ist vorerst ausgesetzt. Ein Gutachten soll die Kontakte Linckes zu NS-Gr\u00f6\u00dfen kl\u00e4ren.<\/p>\n<p>        <img decoding=\"async\" src=\"https:\/\/www.europesays.com\/de\/wp-content\/uploads\/2025\/11\/paullincke116.webp\" alt=\"Paul Lincke posiert\" title=\"Paul Lincke posiert | picture alliance \/ akg-images | akg-images\" class=\"responsive\" loading=\"lazy\"\/><\/p>\n<p>Der Musikpreis Paul-Lincke-Ring wird wegen der m\u00f6glichen NS-Vergangenheit des Namensgebers vorerst nicht verliehen.<\/p>\n<p>        <img decoding=\"async\" src=\"https:\/\/www.europesays.com\/de\/wp-content\/uploads\/2025\/10\/regionalbs100.webp\" alt=\"Der Braunschweiger Dom von oben.\" title=\"Der Braunschweiger Dom von oben. | NDR, Julius Matuschik\" class=\"responsive\" loading=\"lazy\"\/><\/p>\n<p>\n                                    8 Min<\/p>\n<p>Was in Ihrer Region wichtig ist, h\u00f6ren Sie in dem Mitschnitt der 15:00 Uhr Regional-Nachrichten auf NDR 1 Niedersachsen.<\/p>\n<p>Dieses Thema im Programm:<\/p>\n<p>                NDR 1 Niedersachsen | Aktuell | 01.11.2025 | 14:00 Uhr<\/p>\n","protected":false},"excerpt":{"rendered":"Stand: 01.11.2025 16:14 Uhr Goslar hat zum ersten Mal den neu benannten Musikpreis &#8222;Goldener Ton&#8220; verliehen. Wegen der&hellip;\n","protected":false},"author":2,"featured_media":544109,"comment_status":"","ping_status":"","sticky":false,"template":"","format":"standard","meta":{"footnotes":""},"categories":[1772],"tags":[590,29,214,30,132738,7310,15274,1779,810,7311,14,57,15,1411,132737,16754,215],"class_list":{"0":"post-544108","1":"post","2":"type-post","3":"status-publish","4":"format-standard","5":"has-post-thumbnail","7":"category-musik","8":"tag-aktuell","9":"tag-deutschland","10":"tag-entertainment","11":"tag-germany","12":"tag-goldener-ton","13":"tag-goslar","14":"tag-komponist","15":"tag-music","16":"tag-musik","17":"tag-musikpreis","18":"tag-nachrichten","19":"tag-nationalsozialismus","20":"tag-news","21":"tag-niedersachsen","22":"tag-paul-lincke-ring","23":"tag-umbenennung","24":"tag-unterhaltung"},"share_on_mastodon":{"url":"https:\/\/pubeurope.com\/@de\/115477411278585836","error":""},"_links":{"self":[{"href":"https:\/\/www.europesays.com\/de\/wp-json\/wp\/v2\/posts\/544108","targetHints":{"allow":["GET"]}}],"collection":[{"href":"https:\/\/www.europesays.com\/de\/wp-json\/wp\/v2\/posts"}],"about":[{"href":"https:\/\/www.europesays.com\/de\/wp-json\/wp\/v2\/types\/post"}],"author":[{"embeddable":true,"href":"https:\/\/www.europesays.com\/de\/wp-json\/wp\/v2\/users\/2"}],"replies":[{"embeddable":true,"href":"https:\/\/www.europesays.com\/de\/wp-json\/wp\/v2\/comments?post=544108"}],"version-history":[{"count":0,"href":"https:\/\/www.europesays.com\/de\/wp-json\/wp\/v2\/posts\/544108\/revisions"}],"wp:featuredmedia":[{"embeddable":true,"href":"https:\/\/www.europesays.com\/de\/wp-json\/wp\/v2\/media\/544109"}],"wp:attachment":[{"href":"https:\/\/www.europesays.com\/de\/wp-json\/wp\/v2\/media?parent=544108"}],"wp:term":[{"taxonomy":"category","embeddable":true,"href":"https:\/\/www.europesays.com\/de\/wp-json\/wp\/v2\/categories?post=544108"},{"taxonomy":"post_tag","embeddable":true,"href":"https:\/\/www.europesays.com\/de\/wp-json\/wp\/v2\/tags?post=544108"}],"curies":[{"name":"wp","href":"https:\/\/api.w.org\/{rel}","templated":true}]}}