{"id":544120,"date":"2025-11-02T01:08:13","date_gmt":"2025-11-02T01:08:13","guid":{"rendered":"https:\/\/www.europesays.com\/de\/544120\/"},"modified":"2025-11-02T01:08:13","modified_gmt":"2025-11-02T01:08:13","slug":"vorerst-kein-streik-pilotengewerkschaft-gibt-lufthansa-zeit","status":"publish","type":"post","link":"https:\/\/www.europesays.com\/de\/544120\/","title":{"rendered":"Vorerst kein Streik: Pilotengewerkschaft gibt Lufthansa Zeit"},"content":{"rendered":"<p>                    Vorerst kein Streik<br \/>\n                Pilotengewerkschaft gibt Lufthansa Zeit<\/p>\n<p>\t\t\t\t              01.11.2025, 17:24 Uhr<\/p>\n<p><b>Passagiere der Lufthansa m\u00fcssen vorerst nicht mit einem Pilotenstreik rechnen. Die Pilotengewerkschaft Vereinigung Cockpit (VC) will der Lufthansa im Tarifstreit \u00fcber die Altersversorgung noch Zeit f\u00fcr ein verbessertes Angebot geben und deshalb zun\u00e4chst nicht zum Streik aufrufen. <\/b><\/p>\n<p>Der Arbeitgeber werde nochmals mit Fristsetzung aufgefordert, ein verhandlungsf\u00e4higes Angebot in den seit Mai laufenden Gespr\u00e4chen vorzulegen, hie\u00df es in einem Tarif-Rundschreiben der VC an ihre Mitglieder, das Reuters am Samstag vorlag. &#8222;Wir werden dem Management hierf\u00fcr ausreichend Zeit einr\u00e4umen, so dass vorl\u00e4ufig auch nicht mit Arbeitskampfma\u00dfnahmen zu rechnen ist.&#8220; Eine Frist wird in dem Schreiben vom Freitag nicht genannt.<\/p>\n<p>Die VC fordert f\u00fcr die rund 4800 Cockpit-Besch\u00e4ftigten der Kernmarke Lufthansa und der Frachttochter Lufthansa Cargo h\u00f6here Beitr\u00e4ge zur Betriebsrente. Das Airline-Management lehnt das wegen hoher Kosten und geringer Profitabilit\u00e4t der Premium-Fluglinie ab. Die VC-Mitglieder hatten sich bereits Ende September in einer Urabstimmung f\u00fcr Streik ausgesprochen. Seither liefen Tarifverhandlungen und Gespr\u00e4che \u00fcber andere strittige Themen mit der Lufthansa, allerdings ohne Ann\u00e4herung.<\/p>\n","protected":false},"excerpt":{"rendered":"Vorerst kein Streik Pilotengewerkschaft gibt Lufthansa Zeit 01.11.2025, 17:24 Uhr Passagiere der Lufthansa m\u00fcssen vorerst nicht mit einem&hellip;\n","protected":false},"author":2,"featured_media":544121,"comment_status":"","ping_status":"","sticky":false,"template":"","format":"standard","meta":{"footnotes":""},"categories":[134],"tags":[175,170,169,29,30,2108,171,174,132739,1238,173,172,62520,2021],"class_list":{"0":"post-544120","1":"post","2":"type-post","3":"status-publish","4":"format-standard","5":"has-post-thumbnail","7":"category-unternehmen-maerkte","8":"tag-business","9":"tag-companies","10":"tag-companies-markets","11":"tag-deutschland","12":"tag-germany","13":"tag-lufthansa","14":"tag-markets","15":"tag-maerkte","16":"tag-pilotengewerkschaft","17":"tag-streik","18":"tag-unternehmen","19":"tag-unternehmen-maerkte","20":"tag-vorerst","21":"tag-zeit"},"share_on_mastodon":{"url":"https:\/\/pubeurope.com\/@de\/115477433821453632","error":""},"_links":{"self":[{"href":"https:\/\/www.europesays.com\/de\/wp-json\/wp\/v2\/posts\/544120","targetHints":{"allow":["GET"]}}],"collection":[{"href":"https:\/\/www.europesays.com\/de\/wp-json\/wp\/v2\/posts"}],"about":[{"href":"https:\/\/www.europesays.com\/de\/wp-json\/wp\/v2\/types\/post"}],"author":[{"embeddable":true,"href":"https:\/\/www.europesays.com\/de\/wp-json\/wp\/v2\/users\/2"}],"replies":[{"embeddable":true,"href":"https:\/\/www.europesays.com\/de\/wp-json\/wp\/v2\/comments?post=544120"}],"version-history":[{"count":0,"href":"https:\/\/www.europesays.com\/de\/wp-json\/wp\/v2\/posts\/544120\/revisions"}],"wp:featuredmedia":[{"embeddable":true,"href":"https:\/\/www.europesays.com\/de\/wp-json\/wp\/v2\/media\/544121"}],"wp:attachment":[{"href":"https:\/\/www.europesays.com\/de\/wp-json\/wp\/v2\/media?parent=544120"}],"wp:term":[{"taxonomy":"category","embeddable":true,"href":"https:\/\/www.europesays.com\/de\/wp-json\/wp\/v2\/categories?post=544120"},{"taxonomy":"post_tag","embeddable":true,"href":"https:\/\/www.europesays.com\/de\/wp-json\/wp\/v2\/tags?post=544120"}],"curies":[{"name":"wp","href":"https:\/\/api.w.org\/{rel}","templated":true}]}}