{"id":544122,"date":"2025-11-02T01:09:11","date_gmt":"2025-11-02T01:09:11","guid":{"rendered":"https:\/\/www.europesays.com\/de\/544122\/"},"modified":"2025-11-02T01:09:11","modified_gmt":"2025-11-02T01:09:11","slug":"trump-droht-nigeria-wegen-toetung-von-christen-mit-militaereinsatz","status":"publish","type":"post","link":"https:\/\/www.europesays.com\/de\/544122\/","title":{"rendered":"Trump droht Nigeria wegen \u201eT\u00f6tung von Christen\u201c mit Milit\u00e4reinsatz"},"content":{"rendered":"<p>US-Pr\u00e4sident Donald Trump wirft der nigerianischen Regierung vor, Christen nicht vor Angriffen zu sch\u00fctzen. Belege daf\u00fcr liefert er nicht \u2013 aber eine Drohung. Analysten sehen die Lage in dem afrikanischen Land etwas anders.<\/p>\n<p class=\"is-first-paragraph\" data-external=\"Article.FirstParagraph\">Wegen angeblicher T\u00f6tungen von Christen hat US-Pr\u00e4sident Donald Trump Nigeria mit einem US-Milit\u00e4reinsatz gedroht. Falls die nigerianische Regierung nicht gegen das \u201eT\u00f6ten von Christen\u201c durch \u201eislamistische Terroristen\u201c vorgehe, werde die US-Regierung s\u00e4mtliche Hilfen f\u00fcr das afrikanische Land sofort einstellen und k\u00f6nnte \u201emit feuernden Gewehren\u201c einmarschieren, schrieb <a class=\"is-link c-block-items__link c-link--rich-text-renderer\" href=\"https:\/\/www.welt.de\/politik\/ausland\/article690110d44876ac87d158d301\/trump-erreicht-in-umfrage-den-tiefsten-stand-seit-seiner-amtseinfuehrung.html\" data-internal-tracking-enabled=\"true\" data-internal-tracking=\"{&quot;action&quot;:&quot;click&quot;,&quot;label&quot;:&quot;link&quot;,&quot;name&quot;:&quot;Inline Element&quot;,&quot;data&quot;:{&quot;source&quot;:&quot;&quot;,&quot;target&quot;:&quot;https:\/\/www.welt.de\/politik\/ausland\/article690110d44876ac87d158d301\/trump-erreicht-in-umfrage-den-tiefsten-stand-seit-seiner-amtseinfuehrung.html&quot;,&quot;trackingName&quot;:&quot;&quot;,&quot;trackingLabel&quot;:&quot;&quot;}}\" target=\"_blank\" rel=\"noopener\">Trump<\/a> am Samstag in seinem Onlinedienst Truth Social. <\/p>\n<p>\u201eIch weise das Kriegsministerium hiermit an, einen m\u00f6glichen Einsatz vorzubereiten\u201c, erg\u00e4nzte der US-Pr\u00e4sident. \u201eWenn wir angreifen, wird es schnell, b\u00f6se und s\u00fc\u00df sein.\u201c Die nigerianischen Beh\u00f6rden weisen Vorw\u00fcrfe zur\u00fcck, in dem Land w\u00fcrden Christen verfolgt.<\/p>\n<p>Nigeria ist in einen mehrheitlich muslimischen Norden und einen weitgehend christlichen S\u00fcden geteilt. Das Land leidet unter anderem unter der extremistischen Gruppe Boko Haram, die ihre radikale Auslegung des islamischen Rechts durchsetzen will und auch Muslime ins Visier nimmt, die sie f\u00fcr nicht muslimisch genug h\u00e4lt.<\/p>\n<p>Neben religi\u00f6s motivierten Angriffen kommt es in dem Land immer wieder zu Zusammenst\u00f6\u00dfen zwischen Bauern und Hirten um schwindende Ressourcen und zu ethnischen Konflikten. Zwar geh\u00f6ren auch Christen zu den Zielgruppen, doch laut Analysten finden die meisten Angriffe im muslimischen Norden des Landes statt und treffen Muslime.<\/p>\n<p>Das nigerianische Au\u00dfenministerium betonte am Samstag, dass die Regierung B\u00fcrger aller Religionen sch\u00fctze. \u201eDie Bundesregierung Nigerias wird weiterhin alle B\u00fcrger unabh\u00e4ngig von ihrer Hautfarbe, ihrem Glauben oder ihrer Religion verteidigen\u201c, hie\u00df es in einer Stellungnahme. \u201eWie Amerika hat auch Nigeria keine andere Wahl, als die Vielfalt zu feiern, die unsere gr\u00f6\u00dfte St\u00e4rke ist.\u201c<\/p>\n<p>Ohne Belege zu nennen, hatte Trump bereits am Freitag in seinem Onlinedienst behauptet, Christen w\u00fcrden st\u00fcnden in Nigeria einer \u201eexistenziellen Bedrohung\u201c gegen\u00fcber. \u201eTausende Christen\u201c w\u00fcrden in dem Land get\u00f6tet, und \u201eradikale Islamisten\u201c seien \u201ef\u00fcr dieses Massenabschlachten verantwortlich\u201c.<\/p>\n<p>AFP\/AP\/gub<\/p>\n","protected":false},"excerpt":{"rendered":"US-Pr\u00e4sident Donald Trump wirft der nigerianischen Regierung vor, Christen nicht vor Angriffen zu sch\u00fctzen. Belege daf\u00fcr liefert er&hellip;\n","protected":false},"author":2,"featured_media":544123,"comment_status":"","ping_status":"","sticky":false,"template":"","format":"standard","meta":{"footnotes":""},"categories":[3],"tags":[107171,114,13,49172,14,15,110,13235,12,2544,10,8,9,11,113,103,104],"class_list":{"0":"post-544122","1":"post","2":"type-post","3":"status-publish","4":"format-standard","5":"has-post-thumbnail","7":"category-welt","8":"tag-boko-haram","9":"tag-donald-geb-1946","10":"tag-headlines","11":"tag-islamismus-ks","12":"tag-nachrichten","13":"tag-news","14":"tag-newsteam","15":"tag-nigeria","16":"tag-schlagzeilen","17":"tag-terrorismus","18":"tag-top-news","19":"tag-top-meldungen","20":"tag-topmeldungen","21":"tag-topnews","22":"tag-trump","23":"tag-welt","24":"tag-world"},"share_on_mastodon":{"url":"https:\/\/pubeurope.com\/@de\/115477437708385118","error":""},"_links":{"self":[{"href":"https:\/\/www.europesays.com\/de\/wp-json\/wp\/v2\/posts\/544122","targetHints":{"allow":["GET"]}}],"collection":[{"href":"https:\/\/www.europesays.com\/de\/wp-json\/wp\/v2\/posts"}],"about":[{"href":"https:\/\/www.europesays.com\/de\/wp-json\/wp\/v2\/types\/post"}],"author":[{"embeddable":true,"href":"https:\/\/www.europesays.com\/de\/wp-json\/wp\/v2\/users\/2"}],"replies":[{"embeddable":true,"href":"https:\/\/www.europesays.com\/de\/wp-json\/wp\/v2\/comments?post=544122"}],"version-history":[{"count":0,"href":"https:\/\/www.europesays.com\/de\/wp-json\/wp\/v2\/posts\/544122\/revisions"}],"wp:featuredmedia":[{"embeddable":true,"href":"https:\/\/www.europesays.com\/de\/wp-json\/wp\/v2\/media\/544123"}],"wp:attachment":[{"href":"https:\/\/www.europesays.com\/de\/wp-json\/wp\/v2\/media?parent=544122"}],"wp:term":[{"taxonomy":"category","embeddable":true,"href":"https:\/\/www.europesays.com\/de\/wp-json\/wp\/v2\/categories?post=544122"},{"taxonomy":"post_tag","embeddable":true,"href":"https:\/\/www.europesays.com\/de\/wp-json\/wp\/v2\/tags?post=544122"}],"curies":[{"name":"wp","href":"https:\/\/api.w.org\/{rel}","templated":true}]}}