{"id":544167,"date":"2025-11-02T01:34:13","date_gmt":"2025-11-02T01:34:13","guid":{"rendered":"https:\/\/www.europesays.com\/de\/544167\/"},"modified":"2025-11-02T01:34:13","modified_gmt":"2025-11-02T01:34:13","slug":"russische-zivilbevoelkerung-leidet-munz-ukraine-hat-so-noch-nicht-angegriffen","status":"publish","type":"post","link":"https:\/\/www.europesays.com\/de\/544167\/","title":{"rendered":"Russische &#8222;Zivilbev\u00f6lkerung leidet&#8220;: Munz: Ukraine hat &#8222;so noch nicht angegriffen&#8220;"},"content":{"rendered":"<p>          31.10.2025 13:48 Uhr \u2013  04:00 min<\/p>\n<p>              Russische &#8222;Zivilbev\u00f6lkerung leidet&#8220;<br \/>\n              Munz: Ukraine hat &#8222;so noch nicht angegriffen&#8220;<\/p>\n<p>\n              Den j\u00fcngsten ukrainischen Angriff auf ein W\u00e4rmekraftwerk bewertet ntv-Korrespondent Rainer Munz als einen Umschwung in der ukrainischen Kriegsf\u00fchrung, die nun auch gezielt die russische Zivilbev\u00f6lkerung ins Visier nimmt. W\u00e4hrenddessen laufen im Land Spekulationen um eine neue Mobilisierungswelle.<\/p>\n","protected":false},"excerpt":{"rendered":"31.10.2025 13:48 Uhr \u2013 04:00 min Russische &#8222;Zivilbev\u00f6lkerung leidet&#8220; Munz: Ukraine hat &#8222;so noch nicht angegriffen&#8220; Den j\u00fcngsten&hellip;\n","protected":false},"author":2,"featured_media":544168,"comment_status":"","ping_status":"","sticky":false,"template":"","format":"standard","meta":{"footnotes":""},"categories":[4012],"tags":[331,332,661,662,13,929,14,15,307,12,317,64,4743],"class_list":{"0":"post-544167","1":"post","2":"type-post","3":"status-publish","4":"format-standard","5":"has-post-thumbnail","7":"category-ukraine","8":"tag-aktuelle-nachrichten","9":"tag-aktuelle-news","10":"tag-angriff-auf-die-ukraine","11":"tag-atomwaffen","12":"tag-headlines","13":"tag-kriege-und-konflikte","14":"tag-nachrichten","15":"tag-news","16":"tag-russland","17":"tag-schlagzeilen","18":"tag-ukraine","19":"tag-usa","20":"tag-waffen"},"share_on_mastodon":{"url":"https:\/\/pubeurope.com\/@de\/115477536079290162","error":""},"_links":{"self":[{"href":"https:\/\/www.europesays.com\/de\/wp-json\/wp\/v2\/posts\/544167","targetHints":{"allow":["GET"]}}],"collection":[{"href":"https:\/\/www.europesays.com\/de\/wp-json\/wp\/v2\/posts"}],"about":[{"href":"https:\/\/www.europesays.com\/de\/wp-json\/wp\/v2\/types\/post"}],"author":[{"embeddable":true,"href":"https:\/\/www.europesays.com\/de\/wp-json\/wp\/v2\/users\/2"}],"replies":[{"embeddable":true,"href":"https:\/\/www.europesays.com\/de\/wp-json\/wp\/v2\/comments?post=544167"}],"version-history":[{"count":0,"href":"https:\/\/www.europesays.com\/de\/wp-json\/wp\/v2\/posts\/544167\/revisions"}],"wp:featuredmedia":[{"embeddable":true,"href":"https:\/\/www.europesays.com\/de\/wp-json\/wp\/v2\/media\/544168"}],"wp:attachment":[{"href":"https:\/\/www.europesays.com\/de\/wp-json\/wp\/v2\/media?parent=544167"}],"wp:term":[{"taxonomy":"category","embeddable":true,"href":"https:\/\/www.europesays.com\/de\/wp-json\/wp\/v2\/categories?post=544167"},{"taxonomy":"post_tag","embeddable":true,"href":"https:\/\/www.europesays.com\/de\/wp-json\/wp\/v2\/tags?post=544167"}],"curies":[{"name":"wp","href":"https:\/\/api.w.org\/{rel}","templated":true}]}}