{"id":544174,"date":"2025-11-02T01:39:31","date_gmt":"2025-11-02T01:39:31","guid":{"rendered":"https:\/\/www.europesays.com\/de\/544174\/"},"modified":"2025-11-02T01:39:31","modified_gmt":"2025-11-02T01:39:31","slug":"der-sport-tag-borussia-dortmund-haelt-ploetzlich-einen-europa-rekord","status":"publish","type":"post","link":"https:\/\/www.europesays.com\/de\/544174\/","title":{"rendered":"Der Sport-Tag: Borussia Dortmund h\u00e4lt pl\u00f6tzlich einen Europa-Rekord"},"content":{"rendered":"<p>                    Der Sport-Tag<br \/>\n                Borussia Dortmund h\u00e4lt pl\u00f6tzlich einen Europa-Rekord<\/p>\n<p>\t\t\t\t              01.11.2025, 13:31 Uhr<\/p>\n<p><b>Am 9. Spieltag der Saison 2025\/26 der deutschen Fu\u00dfball-Bundesliga blieb der BVB zum sechsten Mal ohne Gegentor. <\/b>Eine Ausbeute, die in der Geschichte der Schwarzgelben zu diesem Zeitpunkt der Saison ein Novum darstellt. Nach einem wilden und ern\u00fcchternden 3:3 zum Start der Spielzeit gegen den FC St. Pauli gewann der BVB mit 3:0 gegen Union Berlin, mit 2:0 gegen den 1. FC Heidenheim, mit 1:0 gegen den VfL Wolfsburg und mit 2:0 gegen den 1. FSV Mainz 05, ehe es gegen Leipzig (1:1) und den FC Bayern (1:2) wieder Gegentreffer setzte. Beim 1:0 gegen den 1. FC K\u00f6ln und dem j\u00fcngsten Sieg gegen Augsburg stand dann wieder die Null.<\/p>\n<p><b>Zum Vergleich: Im Vorjahr stand man nach neun Spieltagen bei satten 15 Gegentreffern, bei den Meisterschaften 2010\/11 und 2011\/12 waren es je sieben<\/b>. Weniger als die derzeitigen sechs Treffer musste man nur 2002\/03 unter Matthias Sammer hinnehmen. Damals spielte man allerdings &#8222;nur&#8220; f\u00fcnfmal zu null. <b>\u00dcbrigens: In den f\u00fcnf gro\u00dfen europ\u00e4ischen Ligen weist nur der FC Arsenal aus England nach neun Spieltagen aktuell ebenfalls sechs Gegentore auf.<\/b><\/p>\n<p>Mehr zur Dortmunder Mauer <a href=\"https:\/\/www.sport.de\/news\/ne15875848\/bvb-novum-das-gab-es-noch-nie\/\" rel=\"Follow noopener\" target=\"_blank\">hier <\/a>bei den Kollegen von sport.de<\/p>\n","protected":false},"excerpt":{"rendered":"Der Sport-Tag Borussia Dortmund h\u00e4lt pl\u00f6tzlich einen Europa-Rekord 01.11.2025, 13:31 Uhr Am 9. Spieltag der Saison 2025\/26 der&hellip;\n","protected":false},"author":2,"featured_media":544175,"comment_status":"","ping_status":"","sticky":false,"template":"","format":"standard","meta":{"footnotes":""},"categories":[3933],"tags":[331,332,9835,282,217,548,663,132749,158,3934,3935,13,14,15,12,283],"class_list":{"0":"post-544174","1":"post","2":"type-post","3":"status-publish","4":"format-standard","5":"has-post-thumbnail","7":"category-eu","8":"tag-aktuelle-nachrichten","9":"tag-aktuelle-news","10":"tag-borussia","11":"tag-der","12":"tag-dortmund","13":"tag-eu","14":"tag-europa","15":"tag-europa-rekord","16":"tag-europaeische-union","17":"tag-europe","18":"tag-european-union","19":"tag-headlines","20":"tag-nachrichten","21":"tag-news","22":"tag-schlagzeilen","23":"tag-sport-tag"},"share_on_mastodon":{"url":"https:\/\/pubeurope.com\/@de\/115477555768145954","error":""},"_links":{"self":[{"href":"https:\/\/www.europesays.com\/de\/wp-json\/wp\/v2\/posts\/544174","targetHints":{"allow":["GET"]}}],"collection":[{"href":"https:\/\/www.europesays.com\/de\/wp-json\/wp\/v2\/posts"}],"about":[{"href":"https:\/\/www.europesays.com\/de\/wp-json\/wp\/v2\/types\/post"}],"author":[{"embeddable":true,"href":"https:\/\/www.europesays.com\/de\/wp-json\/wp\/v2\/users\/2"}],"replies":[{"embeddable":true,"href":"https:\/\/www.europesays.com\/de\/wp-json\/wp\/v2\/comments?post=544174"}],"version-history":[{"count":0,"href":"https:\/\/www.europesays.com\/de\/wp-json\/wp\/v2\/posts\/544174\/revisions"}],"wp:featuredmedia":[{"embeddable":true,"href":"https:\/\/www.europesays.com\/de\/wp-json\/wp\/v2\/media\/544175"}],"wp:attachment":[{"href":"https:\/\/www.europesays.com\/de\/wp-json\/wp\/v2\/media?parent=544174"}],"wp:term":[{"taxonomy":"category","embeddable":true,"href":"https:\/\/www.europesays.com\/de\/wp-json\/wp\/v2\/categories?post=544174"},{"taxonomy":"post_tag","embeddable":true,"href":"https:\/\/www.europesays.com\/de\/wp-json\/wp\/v2\/tags?post=544174"}],"curies":[{"name":"wp","href":"https:\/\/api.w.org\/{rel}","templated":true}]}}