{"id":544184,"date":"2025-11-02T01:44:19","date_gmt":"2025-11-02T01:44:19","guid":{"rendered":"https:\/\/www.europesays.com\/de\/544184\/"},"modified":"2025-11-02T01:44:19","modified_gmt":"2025-11-02T01:44:19","slug":"pol-bn-bonn-tannenbusch-unbekannte-beschaedigen-seitenscheiben-an-zwei-linienbussen","status":"publish","type":"post","link":"https:\/\/www.europesays.com\/de\/544184\/","title":{"rendered":"POL-BN: Bonn-Tannenbusch: Unbekannte besch\u00e4digen Seitenscheiben an zwei Linienbussen &#8230;"},"content":{"rendered":"<p class=\"date\">01.11.2025 \u2013 14:01<\/p>\n<p class=\"customer\">\n                        <a class=\"story-customer\" title=\"weiter zum newsroom von Polizei Bonn\" href=\"https:\/\/www.presseportal.de\/blaulicht\/nr\/7304\" rel=\"nofollow noopener\" target=\"_blank\">Polizei Bonn<\/a>\n                    <\/p>\n<p><a data-category=\"citylink-story-view\" data-action=\"click\" data-label=\"Citylink in Meldungsansicht\" class=\"story-city event-trigger\" href=\"https:\/\/www.presseportal.de\/regional\/Bonn\" title=\"News aus Bonn \" rel=\"nofollow noopener\" target=\"_blank\">Bonn<\/a> (ots)<\/p>\n<p>Am Freitagabend (31.10.2025), gegen 19:45 Uhr, wurde die Bonner Polizei nach Bonn-Tannenbusch alarmiert.<\/p>\n<p>Nach dem derzeitigen Ermittlungsstand hatten dort noch unbekannte T\u00e4ter gegen 19:40 Uhr auf der Riesengebirgsstra\u00dfe, in H\u00f6he der Hausnummer 4, zwei Seitenscheiben an einem Bus der Linie 602 in Fahrtrichtung Tannenbusch besch\u00e4digt. Der Fahrer sowie die im Bus anwesenden Fahrg\u00e4ste blieben unverletzt.<\/p>\n<p>Zum gleichen Zeitpunkt waren an einem entgegenkommenden Linienbus der Linie 602 in Fahrtrichtung Stadthaus\/Waldau ebenfalls zwei Seitenscheiben besch\u00e4digt worden. Der Bus befand sich zur Tatzeit an der Bushaltestelle &#8222;Chemnitzer Weg&#8220;. Auch hier blieben Fahrer und die drei Insassen des Busses unverletzt.<\/p>\n<p>Die alarmierte Bonner Polizei \u00fcbernahm umgehend die weiteren Ermittlungen zu dem Geschehen und sperrte die Tat\u00f6rtlichkeit ab. An den besch\u00e4digten Bussen wurden Spuren gesichert. Nach dem aktuellen Stand der Ermittlungen waren die Busse mit Steinen und Pyrotechnik beworfen worden.<\/p>\n<p>M\u00f6gliche Zeugen des Geschehens werden gebeten, sich unter der Rufnummer 0228 15-0 mit der Bonner Polizei in Verbindung zu setzen.<\/p>\n<p class=\"contact-headline\">R\u00fcckfragen bitte an:<\/p>\n<p class=\"contact-text\">Polizei Bonn<br \/>Pressestelle<br \/>Telefon: 0228 &#8211; 151023<br \/>Fax: 0228-151202<br \/><a target=\"_blank\" class=\"uri-ext outbound\" rel=\"noopener nofollow\" href=\"https:\/\/bonn.polizei.nrw\">https:\/\/bonn.polizei.nrw<\/a><\/p>\n<p>Folgen Sie f\u00fcr aktuelle Informationen gerne unserem WhatsApp-Kanal:<br \/><a target=\"_blank\" class=\"uri-ext outbound\" rel=\"noopener nofollow\" href=\"https:\/\/t1p.de\/v1grf\">https:\/\/t1p.de\/v1grf<\/a><\/p>\n<p class=\"originator\">Original-Content von: Polizei Bonn, \u00fcbermittelt durch news aktuell<\/p>\n","protected":false},"excerpt":{"rendered":"01.11.2025 \u2013 14:01 Polizei Bonn Bonn (ots) Am Freitagabend (31.10.2025), gegen 19:45 Uhr, wurde die Bonner Polizei nach&hellip;\n","protected":false},"author":2,"featured_media":386213,"comment_status":"","ping_status":"","sticky":false,"template":"","format":"standard","meta":{"footnotes":""},"categories":[1842],"tags":[1741,3364,29,30,177,1209,176,121,178,180,179,181],"class_list":{"0":"post-544184","1":"post","2":"type-post","3":"status-publish","4":"format-standard","5":"has-post-thumbnail","7":"category-bonn","8":"tag-bonn","9":"tag-de","10":"tag-deutschland","11":"tag-germany","12":"tag-kriminalitt","13":"tag-nordrhein-westfalen","14":"tag-nrw","15":"tag-polizei","16":"tag-presse","17":"tag-pressemeldung","18":"tag-pressemitteilung","19":"tag-pressemitteilungen"},"share_on_mastodon":{"url":"https:\/\/pubeurope.com\/@de\/115477575285101151","error":""},"_links":{"self":[{"href":"https:\/\/www.europesays.com\/de\/wp-json\/wp\/v2\/posts\/544184","targetHints":{"allow":["GET"]}}],"collection":[{"href":"https:\/\/www.europesays.com\/de\/wp-json\/wp\/v2\/posts"}],"about":[{"href":"https:\/\/www.europesays.com\/de\/wp-json\/wp\/v2\/types\/post"}],"author":[{"embeddable":true,"href":"https:\/\/www.europesays.com\/de\/wp-json\/wp\/v2\/users\/2"}],"replies":[{"embeddable":true,"href":"https:\/\/www.europesays.com\/de\/wp-json\/wp\/v2\/comments?post=544184"}],"version-history":[{"count":0,"href":"https:\/\/www.europesays.com\/de\/wp-json\/wp\/v2\/posts\/544184\/revisions"}],"wp:featuredmedia":[{"embeddable":true,"href":"https:\/\/www.europesays.com\/de\/wp-json\/wp\/v2\/media\/386213"}],"wp:attachment":[{"href":"https:\/\/www.europesays.com\/de\/wp-json\/wp\/v2\/media?parent=544184"}],"wp:term":[{"taxonomy":"category","embeddable":true,"href":"https:\/\/www.europesays.com\/de\/wp-json\/wp\/v2\/categories?post=544184"},{"taxonomy":"post_tag","embeddable":true,"href":"https:\/\/www.europesays.com\/de\/wp-json\/wp\/v2\/tags?post=544184"}],"curies":[{"name":"wp","href":"https:\/\/api.w.org\/{rel}","templated":true}]}}