{"id":544195,"date":"2025-11-02T01:52:16","date_gmt":"2025-11-02T01:52:16","guid":{"rendered":"https:\/\/www.europesays.com\/de\/544195\/"},"modified":"2025-11-02T01:52:16","modified_gmt":"2025-11-02T01:52:16","slug":"brand-in-bar-sorgt-fuer-feuerwehreinsatz-in-dresden","status":"publish","type":"post","link":"https:\/\/www.europesays.com\/de\/544195\/","title":{"rendered":"Brand in Bar sorgt f\u00fcr Feuerwehreinsatz in Dresden"},"content":{"rendered":"<p>\t\t\tBrand in Bar sorgt f\u00fcr Feuerwehreinsatz in Dresden<br \/>\n\t\t\t\t\t\t\t\t\t\t\t\tW\u00e4hrend der L\u00f6scharbeiten blieb die G\u00f6rlitzer Stra\u00dfe f\u00fcr etwa eine Stunde gesperrt<\/p>\n<p>Von Roland Halkasch<\/p>\n<p>\t\t\t\t01.11.2025, 19:49 Uhr<\/p>\n<p>\t\t\t\t<a id=\"whatsapp_channel_link\" href=\"https:\/\/whatsapp.com\/channel\/0029Va6RBvnLY6dCNLfeAA0c\" data-ct=\"SHARE\/WHATSAPPKANAL\" target=\"_blank\" rel=\"noopener\"><br \/>\n\t\t\t\t\t<img decoding=\"async\" alt=\"Zum Blick WhatsApp Kanal\" src=\"https:\/\/www.blick.de\/img\/WhatsApp-Kanal.svg\"\/><br \/>\n\t\t\t\t<\/a><\/p>\n<ul class=\"gallery-items\">\n<li class=\"img gallery-item\">\n<p>\t\t\t\t\t\t\t\t\t\t\t\t\t\t\t\t\t\t\t\t\t\t\t\t\t\t\t\t\t\t\t\t\t\t\t\t\t\t\t\t\t\t\t\t\t\t<img decoding=\"async\" class=\"media-image \" loading=\"eager\" src=\"https:\/\/www.europesays.com\/de\/wp-content\/uploads\/2025\/11\/17508167_W400C2040x1360o0x0.jpg\" alt=\"Brand in Bar sorgt f\u00fcr Feuerwehreinsatz in Dresden - Am Samstag kam es in einer Bar in Dresden zu einem Brand.\"   style=\"&#10;&#9;&#9;&#9;aspect-ratio:2040\/1360;&#10;&#9;&#9;&#9;background: url(data:image\/jpg;base64,\/9j\/4AAQSkZJRgABAQEAYABgAAD\/2wBDAAUDBAQEAwUEBAQFBQUGBwwIBwcHBw8LCwkMEQ8SEhEPERETFhwXExQaFRERGCEYGh0dHx8fExciJCIeJBweHx7\/2wBDAQUFBQcGBw4ICA4eFBEUHh4eHh4eHh4eHh4eHh4eHh4eHh4eHh4eHh4eHh4eHh4eHh4eHh4eHh4eHh4eHh4eHh7\/wAARCAAHAAoDASIAAhEBAxEB\/8QAFgABAQEAAAAAAAAAAAAAAAAAAAUH\/8QAIxAAAQIFBAMBAAAAAAAAAAAAAwECAAQFERIGITFhEyIlMv\/EABUBAQEAAAAAAAAAAAAAAAAAAAEC\/8QAGBEBAAMBAAAAAAAAAAAAAAAAAQACESL\/2gAMAwEAAhEDEQA\/AMd00SmkkZaXqFKkTPbMlIiIQrCH8mWyuS6JZOOO4lE0nRc3fRAzdfXEq26\/EIQlKvTLFzJ\/\/9k=) no-repeat left top; background-size: cover;&#9;&#9;&#9;width: 100%;&#9;&#9;\"\/><\/p>\n<p>\n\t\t\t\t\t\t\t\t\tAm Samstag kam es in einer Bar in Dresden zu einem Brand. Foto: Roland Halkasch\n\t\t\t\t\t\t\t\t<\/p>\n<\/li>\n<li class=\"img gallery-item\">\n<p>\t\t\t\t\t\t\t\t\t\t\t\t\t\t\t\t\t\t\t\t\t\t\t\t\t\t\t\t\t\t\t\t\t\t\t\t\t\t\t\t\t<img decoding=\"async\" class=\"media-image \" loading=\"lazy\" src=\"https:\/\/www.europesays.com\/de\/wp-content\/uploads\/2025\/11\/17508169_W400C2040x1360o0x0.jpg\" alt=\"Brand in Bar sorgt f\u00fcr Feuerwehreinsatz in Dresden - Die Stra\u00dfe musste die f\u00fcr die Dauer des Einsatzes gesperrt werden.\"   style=\"&#10;&#9;&#9;&#9;aspect-ratio:2040\/1360;&#10;&#9;&#9;&#9;background: url(data:image\/jpg;base64,\/9j\/4AAQSkZJRgABAQEAYABgAAD\/2wBDAAUDBAQEAwUEBAQFBQUGBwwIBwcHBw8LCwkMEQ8SEhEPERETFhwXExQaFRERGCEYGh0dHx8fExciJCIeJBweHx7\/2wBDAQUFBQcGBw4ICA4eFBEUHh4eHh4eHh4eHh4eHh4eHh4eHh4eHh4eHh4eHh4eHh4eHh4eHh4eHh4eHh4eHh4eHh7\/wAARCAAHAAoDASIAAhEBAxEB\/8QAFgABAQEAAAAAAAAAAAAAAAAAAAEH\/8QAIRAAAgEFAAEFAAAAAAAAAAAAAQIEAAMFESESIjFRYYH\/xAAUAQEAAAAAAAAAAAAAAAAAAAAF\/8QAGBEAAwEBAAAAAAAAAAAAAAAAAAERAjH\/2gAMAwEAAhEDEQA\/AMGx0PBSovjesyXZ1C6VQAh+et3X5v2+6puY+OTYWRmAtv0AJL0oA5wa4KUol6rjE3yn\/9k=) no-repeat left top; background-size: cover;&#9;&#9;&#9;width: 100%;&#9;&#9;\"\/><\/p>\n<p>\n\t\t\t\t\t\t\t\t\tDie Stra\u00dfe musste die f\u00fcr die Dauer des Einsatzes gesperrt werden. Foto: Roland Halkasch\n\t\t\t\t\t\t\t\t<\/p>\n<\/li>\n<li class=\"img gallery-item\">\n<p>\t\t\t\t\t\t\t\t\t\t\t\t\t\t\t\t\t\t\t\t\t\t\t\t\t\t\t\t\t\t\t\t\t\t\t\t\t\t\t\t\t<img decoding=\"async\" class=\"media-image \" loading=\"lazy\" src=\"https:\/\/www.europesays.com\/de\/wp-content\/uploads\/2025\/11\/17508172_W400C2040x1360o0x0.jpg\" alt=\"Brand in Bar sorgt f\u00fcr Feuerwehreinsatz in Dresden - Es waren mehrere Wachen am Einsatzort.\"   style=\"&#10;&#9;&#9;&#9;aspect-ratio:2040\/1360;&#10;&#9;&#9;&#9;background: url(data:image\/jpg;base64,\/9j\/4AAQSkZJRgABAQEAYABgAAD\/2wBDAAUDBAQEAwUEBAQFBQUGBwwIBwcHBw8LCwkMEQ8SEhEPERETFhwXExQaFRERGCEYGh0dHx8fExciJCIeJBweHx7\/2wBDAQUFBQcGBw4ICA4eFBEUHh4eHh4eHh4eHh4eHh4eHh4eHh4eHh4eHh4eHh4eHh4eHh4eHh4eHh4eHh4eHh4eHh7\/wAARCAAHAAoDASIAAhEBAxEB\/8QAFgABAQEAAAAAAAAAAAAAAAAAAAUH\/8QAHxAAAQMEAwEAAAAAAAAAAAAAAQIDBAAFBhESITFB\/8QAFAEBAAAAAAAAAAAAAAAAAAAAA\/\/EABkRAAMAAwAAAAAAAAAAAAAAAAACEQEhMf\/aAAwDAQACEQMRAD8AxDBW7FcbNNjz7cwl08CHea9NpHR8B2T0deb+ioMjHceQ+4hU2WSlRB02APaUorvgy4qn\/9k=) no-repeat left top; background-size: cover;&#9;&#9;&#9;width: 100%;&#9;&#9;\"\/><\/p>\n<p>\n\t\t\t\t\t\t\t\t\tEs waren mehrere Wachen am Einsatzort. Foto: Roland Halkasch\n\t\t\t\t\t\t\t\t<\/p>\n<\/li>\n<li class=\"img gallery-item\">\n<p>\t\t\t\t\t\t\t\t\t\t\t\t\t\t\t\t\t\t\t\t\t\t\t\t\t\t\t\t\t\t\t\t\t\t\t\t\t\t\t\t\t<img decoding=\"async\" class=\"media-image \" loading=\"lazy\" src=\"https:\/\/www.europesays.com\/de\/wp-content\/uploads\/2025\/11\/17508176_W400C2040x1360o0x0.jpg\" alt=\"Brand in Bar sorgt f\u00fcr Feuerwehreinsatz in Dresden - Die Feuerwehr vermutete den Brandherd zun\u00e4chst im Hosten nebenan.\"   style=\"&#10;&#9;&#9;&#9;aspect-ratio:2040\/1360;&#10;&#9;&#9;&#9;background: url(data:image\/jpg;base64,\/9j\/4AAQSkZJRgABAQEAYABgAAD\/2wBDAAUDBAQEAwUEBAQFBQUGBwwIBwcHBw8LCwkMEQ8SEhEPERETFhwXExQaFRERGCEYGh0dHx8fExciJCIeJBweHx7\/2wBDAQUFBQcGBw4ICA4eFBEUHh4eHh4eHh4eHh4eHh4eHh4eHh4eHh4eHh4eHh4eHh4eHh4eHh4eHh4eHh4eHh4eHh7\/wAARCAAHAAoDASIAAhEBAxEB\/8QAFgABAQEAAAAAAAAAAAAAAAAAAAYH\/8QAIBAAAQQCAgMBAAAAAAAAAAAAAgEDBAUAEQYhEjFBwf\/EABUBAQEAAAAAAAAAAAAAAAAAAAQF\/8QAGhEBAAIDAQAAAAAAAAAAAAAAAQACBBESQf\/aAAwDAQACEQMRAD8AzLgd1aMtlFfBJTCSQeji8aqjWjQ+kRfZEKfuWtrL5HY2kuwC3s4wynzeRkTa02hEq+KdfN6xjKWPTodsPZDyf\/\/Z) no-repeat left top; background-size: cover;&#9;&#9;&#9;width: 100%;&#9;&#9;\"\/><\/p>\n<p>\n\t\t\t\t\t\t\t\t\tDie Feuerwehr vermutete den Brandherd zun\u00e4chst im Hosten nebenan. Foto: Roland Halkasch\n\t\t\t\t\t\t\t\t<\/p>\n<\/li>\n<li class=\"img gallery-item\">\n<p>\t\t\t\t\t\t\t\t\t\t\t\t\t\t\t\t\t\t\t\t\t\t\t\t\t\t\t\t\t\t\t\t\t\t\t\t\t\t\t\t\t<img decoding=\"async\" class=\"media-image \" loading=\"lazy\" src=\"https:\/\/www.europesays.com\/de\/wp-content\/uploads\/2025\/11\/17508177_W400C2040x1360o0x0.jpg\" alt=\"Brand in Bar sorgt f\u00fcr Feuerwehreinsatz in Dresden - Vor Ort brannten auf dem Tresen liegende Gegenst\u00e4nde.\"   style=\"&#10;&#9;&#9;&#9;aspect-ratio:2040\/1360;&#10;&#9;&#9;&#9;background: url(data:image\/jpg;base64,\/9j\/4AAQSkZJRgABAQEAYABgAAD\/2wBDAAUDBAQEAwUEBAQFBQUGBwwIBwcHBw8LCwkMEQ8SEhEPERETFhwXExQaFRERGCEYGh0dHx8fExciJCIeJBweHx7\/2wBDAQUFBQcGBw4ICA4eFBEUHh4eHh4eHh4eHh4eHh4eHh4eHh4eHh4eHh4eHh4eHh4eHh4eHh4eHh4eHh4eHh4eHh7\/wAARCAAHAAoDASIAAhEBAxEB\/8QAFQABAQAAAAAAAAAAAAAAAAAAAAX\/xAAeEAACAgIDAQEAAAAAAAAAAAABAgMRAAQFITEHQf\/EABUBAQEAAAAAAAAAAAAAAAAAAAEE\/8QAGxEAAgMAAwAAAAAAAAAAAAAAAQIAEiExkfD\/2gAMAwEAAhEDEQA\/AI\/B8Od3SXU1YWWS6uVEWNSARdhiW6N+D3zJ8\/ynQjnkji5RRGrEKBrjoX1+YxlCqHFm2JcqKDBz7qf\/2Q==) no-repeat left top; background-size: cover;&#9;&#9;&#9;width: 100%;&#9;&#9;\"\/><\/p>\n<p>\n\t\t\t\t\t\t\t\t\tVor Ort brannten auf dem Tresen liegende Gegenst\u00e4nde. Foto: Roland Halkasch\n\t\t\t\t\t\t\t\t<\/p>\n<\/li>\n<\/ul>\n<p>1\/5<\/p>\n<p>\t\t\t\t\t\t\t\t\t\t\t\t\t\t\t\t\t\t\t\t\t\t\t\t\t\t\t\t\t\t<b class=\"ortsmarke\">Dresden.<\/b>\u00a0<\/p>\n<p>Am Samstag kam es gegen 17.25 Uhr an der G\u00f6rlitzer Stra\u00dfe in Dresden zu einem Brand.<\/p>\n<p>\t\t\t\t\t\t\t\t\t\t\t\t\t\t\t\t\t\tWas ist passiert?<\/p>\n<p>In einer Bar brannten auf dem Tresen liegende Gegenst\u00e4nde. Dieser Schwelbrand verrauchte nicht nur die Bar, sondern sorgte auch in einem benachbarten Hostel f\u00fcr erheblichen Brandgeruch. Zun\u00e4chst vermutete die Feuerwehr den Brandherd im Hostel. Als man dort nichts feststellte, machte man die Bar als Brandort ausfindig. Nachdem die Feuerwehrleute das Schlo\u00df der Eingangst\u00fcr \u00f6ffneten, konnten sie mit einer K\u00fcbelspritze den Brand l\u00f6schen.<\/p>\n<p>\t\t\t\t\t\t\t\t\t\t\t\t\t\t\t\t\t\tKein Personenschaden entstanden<\/p>\n<p>Anschlie\u00dfend wurde das Brandgut ins Freie geschafft und die Bar bel\u00fcftet. Personen kamen nicht zu Schaden.<\/p>\n<p>\t\t\t\t\t\t\t\t\t\t\t\t\t\t\t\t\t\tGesperrte Stra\u00dfe f\u00fcr die Dauer des Einsatzes<\/p>\n<p>Wegen des Einsatzes war die G\u00f6rlitzer Stra\u00dfe f\u00fcr zirka eine Stunde gesperrt. Die Stra\u00dfenbahnlinie 13 musste umgeleitet werden.<\/p>\n<p>\t\t\t\t\t\t\t\t\t\t\t\t\t\t\t\t\t\tMehrere Wachen im Einsatz<\/p>\n<p>Im Einsatz waren die Wachen Albertstadt, \u00dcbigau und Altstadt der Berufsfeuerwehr.<\/p>\n<p>\t\t\t\t\t\t\t\t\t\t\t\t\t\t\t\t\t\tPolizei ermittelt<\/p>\n<p>Die Polizei ermittelt zur Brandursache. <\/p>\n","protected":false},"excerpt":{"rendered":"Brand in Bar sorgt f\u00fcr Feuerwehreinsatz in Dresden W\u00e4hrend der L\u00f6scharbeiten blieb die G\u00f6rlitzer Stra\u00dfe f\u00fcr etwa eine&hellip;\n","protected":false},"author":2,"featured_media":544196,"comment_status":"","ping_status":"","sticky":false,"template":"","format":"standard","meta":{"footnotes":""},"categories":[1835],"tags":[23561,3364,29,2386,30,859],"class_list":{"0":"post-544195","1":"post","2":"type-post","3":"status-publish","4":"format-standard","5":"has-post-thumbnail","7":"category-dresden","8":"tag-braende-havarien-hilfeleistungen","9":"tag-de","10":"tag-deutschland","11":"tag-dresden","12":"tag-germany","13":"tag-sachsen"},"share_on_mastodon":{"url":"https:\/\/pubeurope.com\/@de\/115477607711623389","error":""},"_links":{"self":[{"href":"https:\/\/www.europesays.com\/de\/wp-json\/wp\/v2\/posts\/544195","targetHints":{"allow":["GET"]}}],"collection":[{"href":"https:\/\/www.europesays.com\/de\/wp-json\/wp\/v2\/posts"}],"about":[{"href":"https:\/\/www.europesays.com\/de\/wp-json\/wp\/v2\/types\/post"}],"author":[{"embeddable":true,"href":"https:\/\/www.europesays.com\/de\/wp-json\/wp\/v2\/users\/2"}],"replies":[{"embeddable":true,"href":"https:\/\/www.europesays.com\/de\/wp-json\/wp\/v2\/comments?post=544195"}],"version-history":[{"count":0,"href":"https:\/\/www.europesays.com\/de\/wp-json\/wp\/v2\/posts\/544195\/revisions"}],"wp:featuredmedia":[{"embeddable":true,"href":"https:\/\/www.europesays.com\/de\/wp-json\/wp\/v2\/media\/544196"}],"wp:attachment":[{"href":"https:\/\/www.europesays.com\/de\/wp-json\/wp\/v2\/media?parent=544195"}],"wp:term":[{"taxonomy":"category","embeddable":true,"href":"https:\/\/www.europesays.com\/de\/wp-json\/wp\/v2\/categories?post=544195"},{"taxonomy":"post_tag","embeddable":true,"href":"https:\/\/www.europesays.com\/de\/wp-json\/wp\/v2\/tags?post=544195"}],"curies":[{"name":"wp","href":"https:\/\/api.w.org\/{rel}","templated":true}]}}