{"id":544250,"date":"2025-11-02T02:22:20","date_gmt":"2025-11-02T02:22:20","guid":{"rendered":"https:\/\/www.europesays.com\/de\/544250\/"},"modified":"2025-11-02T02:22:20","modified_gmt":"2025-11-02T02:22:20","slug":"umbau-und-sanierung-in-kirchheim-am-neckar-von-asp-architekten-cortenstahl-fuer-das-gemeindezentrum-architektur-und-architekten-news-meldungen-nachrichten","status":"publish","type":"post","link":"https:\/\/www.europesays.com\/de\/544250\/","title":{"rendered":"Umbau und Sanierung in Kirchheim am Neckar von asp Architekten \/ Cortenstahl f\u00fcr das Gemeindezentrum &#8211; Architektur und Architekten &#8211; News \/ Meldungen \/ Nachrichten"},"content":{"rendered":"<p>Die aus den 1970ern stammende Gemeindehalle von Kirchheim am Neckar war in doppelter Hinsicht in die Jahre gekommen. Zum einen ben\u00f6tigte der Bestand, der auch ein Schwimmbad umfasst, eine grundlegende Sanierung. Zum anderen gab es vonseiten der Stadt Bedarf, eine Kita und weitere Sportfl\u00e4chen zu integrieren. Sie beauftragte asp Architekten mit dem Projekt.<\/p>\n<p>Das Stuttgarter B\u00fcro transformierte das Volumen und sein Raumprogramm unter dem Motto \u0084Eine Halle f\u00fcr alle\u0093 und gab ihm mit einer rostroten H\u00fclle aus Cortenstahl ein zeitgen\u00f6ssisches Erscheinungsbild. Mit vielseitigen Funktionen bietet der w\u00fcrfelf\u00f6rmige Bau mit einer Bruttogrundfl\u00e4che von rund 4.600 Quadratmetern den Kirchheimer*innen nun einen generationen\u00fcbergreifenden Begegnungsort, der von fr\u00fch bis sp\u00e4t bespielt werden kann. Die Baukosten geben asp mit rund 14,2 Millionen Euro an.<\/p>\n<p>Situiert ist die Halle am nordwestlichen Ortsrand in Hanglage, dahinter erheben sich idyllische Weinberge. Aus deren leuchtender Farbigkeit im Herbst leitet sich auch die Materialwahl f\u00fcr die neue Fassade ab: Wo zuvor graue Bleche dominierten, ist nun langlebiger und wenig pflegeintensiver Cortenstahl verbaut. Mit dieser Haut soll sich der Bauk\u00f6rper besser in die Landschaft einf\u00fcgen.<\/p>\n<p>Der westliche Teil des Bestandsgeb\u00e4udes mit circa 2.000 Quadratmetern Bruttogrundfl\u00e4che blieb erhalten und wurde saniert, der \u00f6stliche musste aufgrund seiner Substanz abgerissen werden. An seiner Stelle entstand ein Ersatzneubau mit 2.600 Quadratmetern Bruttogrundfl\u00e4che, der gezielt auf die neue Nutzung durch die Kita ausgerichtet wurde. Mit Gruppen- und Spielzimmern, einer Mensa und Verwaltungsr\u00e4umen erstreckt sie sich \u00fcber alle drei Geschosse und bietet Platz f\u00fcr bis zu 60 Kinder.\u00a0<\/p>\n<p>Im westlichen Fl\u00fcgel hingegen sind die Funktionen \u00fcbereinander gestapelt. Das im Erdgeschoss gelegene Schwimmbad wurde saniert. Im Souterrain entstand eine Sporthalle mit Umkleiden, die insbesondere von Sportvereinen genutzt wird. Das eigentliche Herzst\u00fcck der Gemeindehalle, der Veranstaltungssaal, befindet sich im Obergeschoss. Er fasst bis zu 800 Personen und \u00f6ffnet sich ebenso wie das darunterliegende Schwimmbad mit einer vollfl\u00e4chigen Glasfassade zum Vorplatz. Auf der Kita-Seite hingegen strukturieren schmale vertikale \u00d6ffnungen die Fassade und schaffen Kleinteiligkeit.<\/p>\n<p>Ein bereits im Bestand vorhandener l\u00e4nglicher Zwischenbau blieb ebenfalls erhalten. Er fungiert als Bindeglied\u00a0zwischen den unterschiedlichen Funktionen. Hier sind der Haupt- und ein r\u00fcckseitiger Nebeneingang untergebracht. Dank der Vollverglasung beider Eing\u00e4nge und der linearen Anordnung entsteht r\u00e4umliche N\u00e4he zur umgebenden Landschaft. Die Fortsetzung der Cortenstahloberfl\u00e4chen im Inneren und aneinandergereihte Oberlichter unterst\u00fctzen den passagenartigen Raumcharakter. (da)<\/p>\n<p>Fotos: <a href=\"https:\/\/www.zooeybraun.de\/\" target=\"_blank\" rel=\"noopener\">Zooey Braun<\/a><\/p>\n<p>Dieses Objekt &amp; Umgebung auf BauNetz-Maps anzeigen:<br \/>&#13;<br \/>\n                                    &#13;<br \/>\n                                            <a href=\"https:\/\/www.baunetz-maps.de\/quelle\/meldungen?cid=10090619\" title=\"Dieses Objekt &amp; Umgebung auf BauNetz-Maps anzeigen\" target=\"_blank\" rel=\"noopener\">&#13;<br \/>\n                                                <img loading=\"lazy\" decoding=\"async\" alt=\"BauNetz-Maps\" width=\"400\" height=\"200\" src=\"https:\/\/www.europesays.com\/de\/wp-content\/uploads\/2025\/04\/deutschland_400x200.png\" \/>&#13;<br \/>\n                                            <\/a>&#13;<br \/>\n                                    &#13;<br \/>\n                                &#13;\n                                <\/p>\n<p class=\"bold\">Zu den Baunetz Architekt*innen:<\/p>\n<p>&#13;<br \/>\n\t\t\t\t\t\t\t&#13;<br \/>\n\t\t\t\t\t\t\t\t&#13;<br \/>\n&#13;<br \/>\n\t\t\t\t\t\t\t\t\t&#13;<br \/>\n\t\t\t\t\t\t\t\t\t<a href=\"https:\/\/www.baunetz-architekten.de\/asp\/7746453\" class=\"lightgrey underline\" target=\"_blank\" rel=\"noopener\">asp Architekten<\/a><br \/>&#13;<br \/>\n\t\t\t\t\t\t\t\t&#13;<br \/>\n\t\t\t\t\t\t\t&#13;\n\t\t\t\t\t\t<\/p>\n<p>&#13;<br \/>\n&#13;<br \/>\n&#13;<br \/>\n&#13;<br \/>\n&#13;<br \/>\n\t\t\t\t\t\t\tKommentare:<br \/>&#13;<br \/>\n\t\t\t\t\t\t\t<a href=\"https:\/\/www.baunetz.de\/meldungen\/Meldungen-Umbau_und_Sanierung_in_Kirchheim_am_Neckar_von_asp_Architekten_10090619.html?backurl=https%3A%2F%2Fwww.baunetz.de%2Fmeldungen%2Findex.html&amp;action=kommentieren\" class=\"lightgrey underline unvisible_print\" target=\"_blank\" rel=\"noopener\">Kommentare (2) lesen \/ Meldung kommentieren<\/a>&#13;<br \/>\n&#13;<br \/>\n&#13;<br \/>\n&#13;\n\t\t\t\t\t\t<\/p>\n","protected":false},"excerpt":{"rendered":"Die aus den 1970ern stammende Gemeindehalle von Kirchheim am Neckar war in doppelter Hinsicht in die Jahre gekommen.&hellip;\n","protected":false},"author":2,"featured_media":544251,"comment_status":"","ping_status":"","sticky":false,"template":"","format":"standard","meta":{"footnotes":""},"categories":[1775],"tags":[2252,2251,2250,1793,2248,2253,29,214,30,1794,2249,14,215],"class_list":{"0":"post-544250","1":"post","2":"type-post","3":"status-publish","4":"format-standard","5":"has-post-thumbnail","7":"category-kunst-und-design","8":"tag-architekt","9":"tag-architekten","10":"tag-architektur","11":"tag-art-and-design","12":"tag-baunetz","13":"tag-bauwesen","14":"tag-deutschland","15":"tag-entertainment","16":"tag-germany","17":"tag-kunst-und-design","18":"tag-meldungen","19":"tag-nachrichten","20":"tag-unterhaltung"},"share_on_mastodon":{"url":"https:\/\/pubeurope.com\/@de\/115477724863094170","error":""},"_links":{"self":[{"href":"https:\/\/www.europesays.com\/de\/wp-json\/wp\/v2\/posts\/544250","targetHints":{"allow":["GET"]}}],"collection":[{"href":"https:\/\/www.europesays.com\/de\/wp-json\/wp\/v2\/posts"}],"about":[{"href":"https:\/\/www.europesays.com\/de\/wp-json\/wp\/v2\/types\/post"}],"author":[{"embeddable":true,"href":"https:\/\/www.europesays.com\/de\/wp-json\/wp\/v2\/users\/2"}],"replies":[{"embeddable":true,"href":"https:\/\/www.europesays.com\/de\/wp-json\/wp\/v2\/comments?post=544250"}],"version-history":[{"count":0,"href":"https:\/\/www.europesays.com\/de\/wp-json\/wp\/v2\/posts\/544250\/revisions"}],"wp:featuredmedia":[{"embeddable":true,"href":"https:\/\/www.europesays.com\/de\/wp-json\/wp\/v2\/media\/544251"}],"wp:attachment":[{"href":"https:\/\/www.europesays.com\/de\/wp-json\/wp\/v2\/media?parent=544250"}],"wp:term":[{"taxonomy":"category","embeddable":true,"href":"https:\/\/www.europesays.com\/de\/wp-json\/wp\/v2\/categories?post=544250"},{"taxonomy":"post_tag","embeddable":true,"href":"https:\/\/www.europesays.com\/de\/wp-json\/wp\/v2\/tags?post=544250"}],"curies":[{"name":"wp","href":"https:\/\/api.w.org\/{rel}","templated":true}]}}