{"id":544290,"date":"2025-11-02T02:46:34","date_gmt":"2025-11-02T02:46:34","guid":{"rendered":"https:\/\/www.europesays.com\/de\/544290\/"},"modified":"2025-11-02T02:46:34","modified_gmt":"2025-11-02T02:46:34","slug":"pol-ma-schwetzingen-rhein-neckar-kreis-koerperverletzung-in-nachtclub","status":"publish","type":"post","link":"https:\/\/www.europesays.com\/de\/544290\/","title":{"rendered":"POL-MA: Schwetzingen \/ Rhein-Neckar-Kreis: K\u00f6rperverletzung in Nachtclub"},"content":{"rendered":"<p class=\"date\">01.11.2025 \u2013 09:50<\/p>\n<p class=\"customer\">\n                        <a class=\"story-customer\" title=\"weiter zum newsroom von Polizeipr\u00e4sidium Mannheim\" href=\"https:\/\/www.presseportal.de\/blaulicht\/nr\/14915\" rel=\"nofollow noopener\" target=\"_blank\">Polizeipr\u00e4sidium Mannheim<\/a>\n                    <\/p>\n<p><a data-category=\"citylink-story-view\" data-action=\"click\" data-label=\"Citylink in Meldungsansicht\" class=\"story-city event-trigger\" href=\"https:\/\/www.presseportal.de\/regional\/Schwetzingen%20%252F%20Rhein-Neckar-Kreis\" title=\"News aus Schwetzingen \/ Rhein-Neckar-Kreis \" rel=\"nofollow noopener\" target=\"_blank\">Schwetzingen \/ Rhein-Neckar-Kreis<\/a> (ots)<\/p>\n<p>Am fr\u00fchen Samstagmorgen kam es gegen 03:30 Uhr in einem Nachtclub in Schwetzingen in der Carl-Theodor-Stra\u00dfe zu einer k\u00f6rperlichen Auseinandersetzung, bei der ein Mann verletzt wurde.<\/p>\n<p>Nach derzeitigem Ermittlungsstand wurde der Gesch\u00e4digte auf der Toilette des Nachtclubs mit mehreren Schl\u00e4gen gegen den Kopf verletzt. Nachdem der Gesch\u00e4digte mit einem Zeugen den Nachtclub verlassen hatte, folgte ihnen der T\u00e4ter nach drau\u00dfen und versuchte erneut, auf den Mann einzuschlagen. Dies konnte jedoch von mehreren Passanten verhindert werden. Im Anschluss fl\u00fcchtete der T\u00e4ter in unbekannte Richtung. Der Gesch\u00e4digte erlitt Verletzungen im Gesichts- und Kopfbereich, welche durch den Rettungsdienst behandelt wurden.<br \/>\nDer T\u00e4ter kann wie folgt beschreiben werden: etwa 35 bis 40 Jahre alt, circa 175 cm gro\u00df und sei von schlanker Statur gewesen. Er soll kurzes, schwarz-graues Haar sowie einen schwarz-grauen Vollbart getragen haben. Bekleidet war er mit einem wei\u00dfen oder beigen Pullover, blauer Jeanshose und dunklen Schuhen.<br \/>\nEine sofort eingeleitete Fahndung durch die Polizei verlief ergebnislos.<\/p>\n<p>Das Polizeirevier Schwetzingen hat die Ermittlungen wegen K\u00f6rperverletzung aufgenommen und bittet Zeugen, die das Geschehen beobachten konnten oder Hinweise auf den T\u00e4ter geben k\u00f6nnen, sich unter der Telefonnummer 06202\/288-0 zu melden.<\/p>\n<p class=\"contact-headline\">R\u00fcckfragen bitte an:<\/p>\n<p class=\"contact-text\">Polizeipr\u00e4sidium Mannheim<br \/>F\u00fchrungs- und Lagezentrum<br \/>Max Koch<br \/>Telefon: 0621 174-1111<br \/>E-Mail: <a href=\"https:\/\/www.presseportal.de\/blaulicht\/pm\/14915\/mailto: mannheim.pp@polizei.bwl.de\" class=\"uri-mailto\" rel=\"nofollow noopener\" target=\"_blank\"> mannheim.pp@polizei.bwl.de<\/a><br \/><a target=\"_blank\" class=\"uri-ext outbound\" rel=\"noopener nofollow\" href=\"http:\/\/www.polizei-bw.de\/\">http:\/\/www.polizei-bw.de\/<\/a><\/p>\n<p class=\"originator\">Original-Content von: Polizeipr\u00e4sidium Mannheim, \u00fcbermittelt durch news aktuell<\/p>\n","protected":false},"excerpt":{"rendered":"01.11.2025 \u2013 09:50 Polizeipr\u00e4sidium Mannheim Schwetzingen \/ Rhein-Neckar-Kreis (ots) Am fr\u00fchen Samstagmorgen kam es gegen 03:30 Uhr in&hellip;\n","protected":false},"author":2,"featured_media":386213,"comment_status":"","ping_status":"","sticky":false,"template":"","format":"standard","meta":{"footnotes":""},"categories":[1845],"tags":[1634,6187,3364,29,548,663,3934,30,13,177,2096,14,15,121,178,180,179,181,12],"class_list":{"0":"post-544290","1":"post","2":"type-post","3":"status-publish","4":"format-standard","5":"has-post-thumbnail","7":"category-mannheim","8":"tag-baden-wuerttemberg","9":"tag-bw","10":"tag-de","11":"tag-deutschland","12":"tag-eu","13":"tag-europa","14":"tag-europe","15":"tag-germany","16":"tag-headlines","17":"tag-kriminalitt","18":"tag-mannheim","19":"tag-nachrichten","20":"tag-news","21":"tag-polizei","22":"tag-presse","23":"tag-pressemeldung","24":"tag-pressemitteilung","25":"tag-pressemitteilungen","26":"tag-schlagzeilen"},"share_on_mastodon":{"url":"https:\/\/pubeurope.com\/@de\/115477819215034370","error":""},"_links":{"self":[{"href":"https:\/\/www.europesays.com\/de\/wp-json\/wp\/v2\/posts\/544290","targetHints":{"allow":["GET"]}}],"collection":[{"href":"https:\/\/www.europesays.com\/de\/wp-json\/wp\/v2\/posts"}],"about":[{"href":"https:\/\/www.europesays.com\/de\/wp-json\/wp\/v2\/types\/post"}],"author":[{"embeddable":true,"href":"https:\/\/www.europesays.com\/de\/wp-json\/wp\/v2\/users\/2"}],"replies":[{"embeddable":true,"href":"https:\/\/www.europesays.com\/de\/wp-json\/wp\/v2\/comments?post=544290"}],"version-history":[{"count":0,"href":"https:\/\/www.europesays.com\/de\/wp-json\/wp\/v2\/posts\/544290\/revisions"}],"wp:featuredmedia":[{"embeddable":true,"href":"https:\/\/www.europesays.com\/de\/wp-json\/wp\/v2\/media\/386213"}],"wp:attachment":[{"href":"https:\/\/www.europesays.com\/de\/wp-json\/wp\/v2\/media?parent=544290"}],"wp:term":[{"taxonomy":"category","embeddable":true,"href":"https:\/\/www.europesays.com\/de\/wp-json\/wp\/v2\/categories?post=544290"},{"taxonomy":"post_tag","embeddable":true,"href":"https:\/\/www.europesays.com\/de\/wp-json\/wp\/v2\/tags?post=544290"}],"curies":[{"name":"wp","href":"https:\/\/api.w.org\/{rel}","templated":true}]}}