{"id":544298,"date":"2025-11-02T02:52:33","date_gmt":"2025-11-02T02:52:33","guid":{"rendered":"https:\/\/www.europesays.com\/de\/544298\/"},"modified":"2025-11-02T02:52:33","modified_gmt":"2025-11-02T02:52:33","slug":"trickbetrueger-erbeuten-bargeld-aus-wohnung","status":"publish","type":"post","link":"https:\/\/www.europesays.com\/de\/544298\/","title":{"rendered":"Trickbetr\u00fcger erbeuten Bargeld aus Wohnung"},"content":{"rendered":"<p>FW &#8211; Bielefeld &#8211; Schildesche &#8211; Als die Bielefelder Seniorin am Samstag, 25.10.2025, zwei vermeintliche Pflegekr\u00e4fte in ihre Wohnung lies, ahnte sie nicht, dass es sich hierbei um Betr\u00fcgerinnen handeln k\u00f6nnte.<\/p>\n<p>Gegen 14:15 Uhr klingelten zwei Frauen an der Wohnungst\u00fcr des Opfers an der Westerfeldstra\u00dfe. Diese gaben sich als neue Pflegekr\u00e4fte aus und verwickelten die Seniorin in ein Gespr\u00e4ch. W\u00e4hrend eine Tatverd\u00e4chtige die \u00e4ltere Dame ablenkte, habe die andere sich unbemerkt in der Wohnung umgesehen und mehrere Schr\u00e4nke durchw\u00fchlt. Hierbei konnte eine geringe Menge Bargeld erbeutet werden.<\/p>\n<p>Erst als die vermeintlichen Pflegerinnen die Wohnung zwischen der J\u00f6llenbecker Stra\u00dfe und dem Horstheider Weg wieder verlie\u00dfen, stellte die Anwohnerin fest, dass ihr Bargeld fehlte.<\/p>\n<p>Personenbeschreibung:<\/p>\n<p>Bei einer T\u00e4terin soll es sich um eine 40 &#8211; 50-j\u00e4hrige Frau gehandelt haben. Sie soll circa 160 &#8211; 165 cm gro\u00df gewesen sein, sich dunkel gekleidet haben und mit einem Klemmbrett ausgestattet gewesen sein. Zu der zweiten T\u00e4terin ist nur bekannt, dass diese ebenfalls dunkel gekleidet gewesen sein soll.<\/p>\n<p>Zeugenhinweise nimmt das Kriminalkommissariat 33 unter 0521-545-0 entgegen.<\/p>\n<p>R\u00fcckfragen von Journalisten bitte an:<\/p>\n<p>Polizeipr\u00e4sidium Bielefeld Leitungsstab\/ Presse- und \u00d6ffentlichkeitsarbeit Kurt-Schumacher-Stra\u00dfe 46 33615 Bielefeld<\/p>\n<p>Sonja Rehmert (SR), Tel. 0521\/545-3020 Katja K\u00fcster (KK), Tel. 0521\/545-3195 Sarah Siedschlag (SI), Tel. 0521\/545-3021 Michael K\u00f6tter (MK), Tel. 0521\/545-3022 Hella Christoph (HC), Tel. 0521\/545-3023 Fabian Rickel (FR), Tel. 0521\/545-3024 Caroline Steffen (CS), Tel. 0521\/545-3026 Lukas Reker (LR), Tel. 0521\/545-3222<\/p>\n<p>E-Mail: pressestelle.bielefeld@polizei.nrw.de <a href=\"https:\/\/bielefeld.polizei.nrw\/\" target=\"_blank\" rel=\"noreferrer noopener\">bielefeld.polizei.nrw<\/a><\/p>\n<p>Au\u00dferhalb der B\u00fcrodienstzeit: Leitstelle, Tel. 0521\/545-0<\/p>\n<p> Original-Content von: Polizei Bielefeld, \u00fcbermittelt durch news aktuell<\/p>\n","protected":false},"excerpt":{"rendered":"FW &#8211; Bielefeld &#8211; Schildesche &#8211; Als die Bielefelder Seniorin am Samstag, 25.10.2025, zwei vermeintliche Pflegekr\u00e4fte in ihre&hellip;\n","protected":false},"author":2,"featured_media":362892,"comment_status":"","ping_status":"","sticky":false,"template":"","format":"standard","meta":{"footnotes":""},"categories":[1841],"tags":[1605,3364,29,30,1209,12925],"class_list":{"0":"post-544298","1":"post","2":"type-post","3":"status-publish","4":"format-standard","5":"has-post-thumbnail","7":"category-bielefeld","8":"tag-bielefeld","9":"tag-de","10":"tag-deutschland","11":"tag-germany","12":"tag-nordrhein-westfalen","13":"tag-polizeimeldungen"},"share_on_mastodon":{"url":"https:\/\/pubeurope.com\/@de\/115477843507395802","error":""},"_links":{"self":[{"href":"https:\/\/www.europesays.com\/de\/wp-json\/wp\/v2\/posts\/544298","targetHints":{"allow":["GET"]}}],"collection":[{"href":"https:\/\/www.europesays.com\/de\/wp-json\/wp\/v2\/posts"}],"about":[{"href":"https:\/\/www.europesays.com\/de\/wp-json\/wp\/v2\/types\/post"}],"author":[{"embeddable":true,"href":"https:\/\/www.europesays.com\/de\/wp-json\/wp\/v2\/users\/2"}],"replies":[{"embeddable":true,"href":"https:\/\/www.europesays.com\/de\/wp-json\/wp\/v2\/comments?post=544298"}],"version-history":[{"count":0,"href":"https:\/\/www.europesays.com\/de\/wp-json\/wp\/v2\/posts\/544298\/revisions"}],"wp:featuredmedia":[{"embeddable":true,"href":"https:\/\/www.europesays.com\/de\/wp-json\/wp\/v2\/media\/362892"}],"wp:attachment":[{"href":"https:\/\/www.europesays.com\/de\/wp-json\/wp\/v2\/media?parent=544298"}],"wp:term":[{"taxonomy":"category","embeddable":true,"href":"https:\/\/www.europesays.com\/de\/wp-json\/wp\/v2\/categories?post=544298"},{"taxonomy":"post_tag","embeddable":true,"href":"https:\/\/www.europesays.com\/de\/wp-json\/wp\/v2\/tags?post=544298"}],"curies":[{"name":"wp","href":"https:\/\/api.w.org\/{rel}","templated":true}]}}