{"id":544303,"date":"2025-11-02T02:55:20","date_gmt":"2025-11-02T02:55:20","guid":{"rendered":"https:\/\/www.europesays.com\/de\/544303\/"},"modified":"2025-11-02T02:55:20","modified_gmt":"2025-11-02T02:55:20","slug":"louvre-raub-ermittlungsverfahren-gegen-weitere-verdaechtige","status":"publish","type":"post","link":"https:\/\/www.europesays.com\/de\/544303\/","title":{"rendered":"Louvre-Raub: Ermittlungsverfahren gegen weitere Verd\u00e4chtige"},"content":{"rendered":"<p>Paris (dpa) &#8211; Nach dem Einbruch in den Pariser Louvre hat die Justiz Ermittlungsverfahren gegen zwei weitere Verd\u00e4chtige im Alter von 37 und 38 Jahren eingeleitet. Dem Mann werfen die Ermittler bandenm\u00e4\u00dfigen Diebstahl vor, der Frau Beihilfe dazu. Die beiden Festgenommenen bestritten im Verh\u00f6r jegliche Beteiligung an dem Kunstraub, wie die Pariser Staatsanwaltschaft mitteilte. Sie kamen in Gewahrsam beziehungsweise Untersuchungshaft. Drei weitere am Mittwoch festgenommene Menschen kamen auf freien Fu\u00df.<\/p>\n<p>Bereits am vergangenen Wochenende waren zwei M\u00e4nner gefasst worden. Nach einem Teilgest\u00e4ndnis sitzen diese 34 und 39 Jahre alten Tatverd\u00e4chtigen in Untersuchungshaft. Sie sollen Teil des wohl vierk\u00f6pfigen Einbruchskommandos am Museum selbst gewesen sein. Auch gegen sie l\u00e4uft mittlerweile ein Ermittlungsverfahren.<\/p>\n<p>Dieses kann am Ende zu einem Strafprozess f\u00fchren, falls die Ermittler ausreichend Beweise gegen die Beschuldigten sehen. Ist dies nicht der Fall, k\u00f6nnen sie das Verfahren auch wieder einstellen.<\/p>\n<p>Diebe griffen sich millionenschwere Schmuckst\u00fccke<\/p>\n<p>Der Raubzug mehrerer T\u00e4ter am 19. Oktober hatte international Schlagzeilen gemacht. Die Maskierten hatten einen mit einer Hebeb\u00fchne ausgestatteten Lkw neben dem Museum in der franz\u00f6sischen Hauptstadt geparkt. W\u00e4hrend zwei der T\u00e4ter auf Motorrollern an der Stra\u00dfe warteten, gelangten die anderen beiden mit der Hebeb\u00fchne auf einen Balkon im ersten Stock und von dort durch ein Fenster in das Museum, wo sie auch Personal bedrohten.<\/p>\n<p>Die Diebe flohen auf den Motorrollern mit acht kostbaren Schmuckst\u00fccken fr\u00fcherer K\u00f6niginnen und Kaiserinnen &#8211; darunter waren mit Edelsteinen \u00fcbers\u00e4te Diademe, Halsketten, Ohrringe und Broschen. Die mit Smaragden und Hunderten Diamanten verzierte Krone der Kaiserin Eug\u00e9nie (1826-1920) geh\u00f6rte ebenfalls zur Beute, wurde allerdings sp\u00e4ter in der N\u00e4he des Louvre besch\u00e4digt gefunden &#8211; offenbar hatten die T\u00e4ter sie bei der Flucht verloren. Der Wert des Schmucks wurde auf 88 Millionen Euro gesch\u00e4tzt. Bisher wurde die Beute nicht gefunden.<\/p>\n","protected":false},"excerpt":{"rendered":"Paris (dpa) &#8211; Nach dem Einbruch in den Pariser Louvre hat die Justiz Ermittlungsverfahren gegen zwei weitere Verd\u00e4chtige&hellip;\n","protected":false},"author":2,"featured_media":544304,"comment_status":"","ping_status":"","sticky":false,"template":"","format":"standard","meta":{"footnotes":""},"categories":[1840],"tags":[3364,29,156,30,177,2075,26165,2147,1209,4418],"class_list":{"0":"post-544303","1":"post","2":"type-post","3":"status-publish","4":"format-standard","5":"has-post-thumbnail","7":"category-wuppertal","8":"tag-de","9":"tag-deutschland","10":"tag-frankreich","11":"tag-germany","12":"tag-kriminalitt","13":"tag-kunst","14":"tag-louvre","15":"tag-museen","16":"tag-nordrhein-westfalen","17":"tag-wuppertal"},"share_on_mastodon":{"url":"https:\/\/pubeurope.com\/@de\/115477854637783731","error":""},"_links":{"self":[{"href":"https:\/\/www.europesays.com\/de\/wp-json\/wp\/v2\/posts\/544303","targetHints":{"allow":["GET"]}}],"collection":[{"href":"https:\/\/www.europesays.com\/de\/wp-json\/wp\/v2\/posts"}],"about":[{"href":"https:\/\/www.europesays.com\/de\/wp-json\/wp\/v2\/types\/post"}],"author":[{"embeddable":true,"href":"https:\/\/www.europesays.com\/de\/wp-json\/wp\/v2\/users\/2"}],"replies":[{"embeddable":true,"href":"https:\/\/www.europesays.com\/de\/wp-json\/wp\/v2\/comments?post=544303"}],"version-history":[{"count":0,"href":"https:\/\/www.europesays.com\/de\/wp-json\/wp\/v2\/posts\/544303\/revisions"}],"wp:featuredmedia":[{"embeddable":true,"href":"https:\/\/www.europesays.com\/de\/wp-json\/wp\/v2\/media\/544304"}],"wp:attachment":[{"href":"https:\/\/www.europesays.com\/de\/wp-json\/wp\/v2\/media?parent=544303"}],"wp:term":[{"taxonomy":"category","embeddable":true,"href":"https:\/\/www.europesays.com\/de\/wp-json\/wp\/v2\/categories?post=544303"},{"taxonomy":"post_tag","embeddable":true,"href":"https:\/\/www.europesays.com\/de\/wp-json\/wp\/v2\/tags?post=544303"}],"curies":[{"name":"wp","href":"https:\/\/api.w.org\/{rel}","templated":true}]}}