{"id":544350,"date":"2025-11-02T03:25:22","date_gmt":"2025-11-02T03:25:22","guid":{"rendered":"https:\/\/www.europesays.com\/de\/544350\/"},"modified":"2025-11-02T03:25:22","modified_gmt":"2025-11-02T03:25:22","slug":"jan-boehmermann-blickt-nach-dortmund-und-kann-nur-noch-den-kopf-schuetteln","status":"publish","type":"post","link":"https:\/\/www.europesays.com\/de\/544350\/","title":{"rendered":"Jan B\u00f6hmermann blickt nach Dortmund &#8211; und kann nur noch den Kopf sch\u00fctteln"},"content":{"rendered":"\n<p>Jan B\u00f6hmermann ist bekannt daf\u00fcr, den Finger in die Wunde zu legen. Am Freitag (31. Oktober) hat der Satiriker im ZDF Magazin Royale einen Fall aus Dortmund genau unter die Lupe genommen.<\/p>\n<p>Dabei \u00fcbte Jan B\u00f6hmermann scharfe Kritik am Vorgehen der Polizei Dortmund. Es hatte einem Jugendlichen im Jahr 2022 das Leben gekostet.<\/p>\n<p> Jan B\u00f6hmermann kritisiert Polizei Dortmund <\/p>\n<p>\u201eSeit der Wiedervereinigung wurden mindestens 376 Personen durch Kugeln der deutschen Polizei get\u00f6tet\u201c, hei\u00dft es dem Beitrag des Satire-Magazins mit dem Titel \u201eHilfe, die Polizei kommt!\u201c. Grunds\u00e4tzlich \u00e4u\u00dfert der ZDF-Moderator Verst\u00e4ndnis f\u00fcr den Schusswaffengebrauch im Dienst: \u201eGef\u00e4hrliche Straft\u00e4ter muss die Polizei zur Not mit Gewalt stoppen.\u201c<\/p>\n<p>++ <a href=\"https:\/\/www.derwesten.de\/staedte\/bochum\/bochum-jan-boehmermann-tour-radwege-podcast-id301311621.html\" rel=\"nofollow noopener\" target=\"_blank\">Jan B\u00f6hmermann zieht \u00fcber Bochum her \u2013 \u201eBeschissenste Stadt\u201c<\/a> ++<\/p>\n<p>Doch h\u00e4tten viele t\u00f6dliche Sch\u00fcsse gar nicht fallen m\u00fcssen? Recherchen von \u201eCilip\u201c (ein Institut f\u00fcr B\u00fcrgerrechte und \u00f6ffentliche Sicherheit) zufolge sollen sich 107 der 376 von der Polizei erschossenen Menschen in einer psychischen Ausnahmesituation befunden haben. Genau wie Mouhamed Dram\u00e9 (\u202016), der am 8. August 2022 von der Polizei in Dortmund erschossen wurde.<\/p>\n<p>Mehr zu dem Fall:<\/p>\n<p>Der 16-j\u00e4hrige Senegalese war einen Tag vor dem t\u00f6dlichen Polizeieinsatz aus der Psychiatrie entlassen worden, offenbar aber weit davon entfernt, psychisch gesund zu sein. Zeugen alarmierten am 8. August den Notruf, weil er sich in einem Hinterhof offenbar in suizidaler Absicht ein K\u00fcchenmesser vor den Bauch gehalten hatte. Zeugen und auch am Einsatz beteiligte Polizisten sagten sp\u00e4ter in einem bundesweit beachteten Prozess (<a href=\"https:\/\/www.derwesten.de\/staedte\/dortmund\/mouhamed-drame-urteil-schuesse-id301262150.html\" rel=\"nofollow noopener\" target=\"_blank\">hier geht es zum Urteil &gt;&gt;&gt;<\/a>) aus, dass von dem 16-J\u00e4hrigen keine Gefahr f\u00fcr andere ausgegangen war.<\/p>\n<p> Polizei-Einsatz in Dortmund eskaliert <\/p>\n<p>Erst der Eingriff der Polizei Dortmund habe den Einsatz eskalieren lassen. Der Einsatzleiter ordnete den massiven Einsatz von Pfefferspray an, statt auf psychologische Hilfe oder Dolmetscher zu setzen. In der Hoffnung, dass Mouhamed Dram\u00e9 sein Messer fallen l\u00e4sst. Doch stattdessen habe der versucht, vor dem Tr\u00e4nengas zu fl\u00fcchten, lief dabei mit seinem Messer in der Hand in Richtung der Beamten. <\/p>\n<p>Die er\u00f6ffneten das Feuer. Erst mit Tasern und fast zeitgleich schoss ein Polizist mit einer Maschinenpistole auf den 16-J\u00e4hrigen. F\u00fcnf Kugeln trafen den Jugendlichen, der kurz darauf starb. Die Polizisten beriefen sich auf Notwehr und wurden letztlich nicht vor Gericht belangt. Weil sie laut Urteil nach Lehrbuch gehandelt haben. Und das zeige eines der grunds\u00e4tzlichen Probleme im Umgang mit Menschen in psychischen Ausnahmesituationen.<\/p>\n<p>Mehr Themen:<\/p>\n<p>Polizisten seien darauf trainiert, in ihrem Auftreten stets zu dominieren, analysiert Prof. Tobias Singelnstein. Doch ein Mensch, der sich in einer psychischen Ausnahmesituation befindet, ben\u00f6tigt nach Einsch\u00e4tzung des Kriminologen und Polizeiforschers etwas ganz anderes: \u201eDer braucht Entlastung, der braucht Stressreduktion, um aus dieser Ausnahmesituation herauskommen zu k\u00f6nnen.\u201c Das Handeln nach Lehrbuch der Polizei bewirke da unter Umst\u00e4nden genau das Gegenteil.<\/p>\n<p>++<a href=\"https:\/\/www.derwesten.de\/staedte\/duisburg\/duisburg-muell-aufraeumblitz-wirtschaftsbetriebe-kaempft-id301884426.html\" rel=\"nofollow noopener\" target=\"_blank\"> Duisburger k\u00e4mpft gegen M\u00fcll-Wahnsinn im Norden \u2013 doch die Stadt bremst ihn aus <\/a>++<\/p>\n<p>Das NRW-Innenministerium habe nach dem \u201ekatastrophalen Einsatz\u201c in Dortmund die Polizeidienstvorschrift ge\u00e4ndert, so Jan B\u00f6hmermann. \u201eEs wird deutlich hervorgehoben, dass die Sprache das wichtigste Mittel zur Erf\u00fcllung polizeilicher Aufgaben ist\u201c, hei\u00dft es darin. Eine Formulierung, die der ZDF-Entertainer zynisch kommentiert. Die Polizei in NRW sei damit zivilisatorisch auf dem Stand von Kita-Kindern angekommen.<\/p>\n<p>Jan B\u00f6hmermann bef\u00fcrwortet zwar Fortbildungsma\u00dfnahmen der Polizei NRW: vier Tage pro Jahr \u201eSituationstraining\u201c, bei dem es unter anderem um Kompetenzen mit Menschen in psychischen Ausnahmesituationen geht. Ein Kernproblem bleibe aber: F\u00fcr gesundheitliche und soziale Probleme sei die Polizei eigentlich gar nicht erster Ansprechpartner. Stattdessen brauche es f\u00fcr Menschen mit psychischen Problemen schnell Zugang zu Therapiepl\u00e4tzen. Doch genau daran mangelt es in Deutschland bereits seit langer Zeit, wie Jan B\u00f6hmermann bereits in einer Show vor drei Jahren beleuchtet hatte:<\/p>\n<p>   Display content from YouTube   <\/p>\n<p class=\"fd-embed-privacy-content-line1\">An dieser Stelle befindet sich ein externer Inhalt von YouTube der von unserer Redaktion empfohlen wird. Er erg\u00e4nzt den Artikel und kann mit einem Klick angezeigt und wieder ausgeblendet werden.<\/p>\n<p class=\"fd-embed-privacy-content-line2\">Ich bin damit einverstanden, dass mir dieser externe Inhalt angezeigt wird. Es k\u00f6nnen dabei personenbezogene Daten an den Anbieter des Inhalts und Drittdienste \u00fcbermittelt werden.<\/p>\n<p>Bleibt nur zu hoffen, dass die Fortbildungen der Polizei NRW bundesweit eingef\u00fchrt werden und Erfolge zeigen. Damit sich Polizeieins\u00e4tze wie im Fall Mouhamed Dram\u00e9 in Dortmund nicht wiederholen.<\/p>\n<p>Die ganze Folge rund um den Fall Mouhamed Dram\u00e9 aus Dortmund kannst du <a href=\"https:\/\/www.zdf.de\/play\/shows\/zdf-magazin-royale-102\/zdf-magazin-royale-vom-31-oktober-2025-100\" rel=\"nofollow noopener\" target=\"_blank\">hier in der ZDF-Mediathek nachschauen &gt;&gt;&gt;<\/a><\/p>\n","protected":false},"excerpt":{"rendered":"Jan B\u00f6hmermann ist bekannt daf\u00fcr, den Finger in die Wunde zu legen. Am Freitag (31. Oktober) hat der&hellip;\n","protected":false},"author":2,"featured_media":544351,"comment_status":"","ping_status":"","sticky":false,"template":"","format":"standard","meta":{"footnotes":""},"categories":[1833],"tags":[62270,3364,29,217,30,1209],"class_list":{"0":"post-544350","1":"post","2":"type-post","3":"status-publish","4":"format-standard","5":"has-post-thumbnail","7":"category-dortmund","8":"tag-polizei-dortmund","9":"tag-de","10":"tag-deutschland","11":"tag-dortmund","12":"tag-germany","13":"tag-nordrhein-westfalen"},"share_on_mastodon":{"url":"https:\/\/pubeurope.com\/@de\/115477972479605874","error":""},"_links":{"self":[{"href":"https:\/\/www.europesays.com\/de\/wp-json\/wp\/v2\/posts\/544350","targetHints":{"allow":["GET"]}}],"collection":[{"href":"https:\/\/www.europesays.com\/de\/wp-json\/wp\/v2\/posts"}],"about":[{"href":"https:\/\/www.europesays.com\/de\/wp-json\/wp\/v2\/types\/post"}],"author":[{"embeddable":true,"href":"https:\/\/www.europesays.com\/de\/wp-json\/wp\/v2\/users\/2"}],"replies":[{"embeddable":true,"href":"https:\/\/www.europesays.com\/de\/wp-json\/wp\/v2\/comments?post=544350"}],"version-history":[{"count":0,"href":"https:\/\/www.europesays.com\/de\/wp-json\/wp\/v2\/posts\/544350\/revisions"}],"wp:featuredmedia":[{"embeddable":true,"href":"https:\/\/www.europesays.com\/de\/wp-json\/wp\/v2\/media\/544351"}],"wp:attachment":[{"href":"https:\/\/www.europesays.com\/de\/wp-json\/wp\/v2\/media?parent=544350"}],"wp:term":[{"taxonomy":"category","embeddable":true,"href":"https:\/\/www.europesays.com\/de\/wp-json\/wp\/v2\/categories?post=544350"},{"taxonomy":"post_tag","embeddable":true,"href":"https:\/\/www.europesays.com\/de\/wp-json\/wp\/v2\/tags?post=544350"}],"curies":[{"name":"wp","href":"https:\/\/api.w.org\/{rel}","templated":true}]}}