{"id":544354,"date":"2025-11-02T03:27:19","date_gmt":"2025-11-02T03:27:19","guid":{"rendered":"https:\/\/www.europesays.com\/de\/544354\/"},"modified":"2025-11-02T03:27:19","modified_gmt":"2025-11-02T03:27:19","slug":"rb-leipzig-gegen-vfb-stuttgart-wir-haben-uns-nie-versteckt","status":"publish","type":"post","link":"https:\/\/www.europesays.com\/de\/544354\/","title":{"rendered":"RB Leipzig gegen VfB Stuttgart: \u201eWir haben uns nie versteckt\u201c"},"content":{"rendered":"<p>\t\t\t\t\t\t\t\t\t\t\t\t\t\t\t\t\t\t\t\t\t\t\t\t\t\t\t\t      \t\t            \t\t             \t\t\t\t   \t\t\t\t\t   <img decoding=\"async\" id=\"article-image\" fetchpriority=\"high\" alt=\"RB Leipzig gegen VfB Stuttgart: \u201eWir haben uns nie versteckt\u201c\" onclick=\"var pA=document.createElement('a');pA.setAttribute('href','https:\/\/www.stuttgarter-nachrichten.de\/gallery.rb-leipzig-gegen-vfb-stuttgart-wir-haben-uns-nie-versteckt.7b20d4ac-455b-44b1-aa81-d9768aa7c6bc.html'),pA.click();\" title=\"RB Leipzig gegen VfB Stuttgart: \u201eWir haben uns nie versteckt\u201c\" src=\"https:\/\/www.europesays.com\/de\/wp-content\/uploads\/2025\/11\/media.media.0d4649f1-d985-4a46-8f89-0fcf06a1b22d.16x9_700.jpg\" data-linkto=\"https:\/\/www.stuttgarter-nachrichten.de\/gallery.rb-leipzig-gegen-vfb-stuttgart-wir-haben-uns-nie-versteckt.7b20d4ac-455b-44b1-aa81-d9768aa7c6bc.html\"\/>\t\t\t\t\t\t\t\t\t\t\t\t\t\t\t\t\t\t\t\t\t\t\t\tDer VfB Stuttgart hat in Leipzig mit 1:3 verloren. Sportchef Wohlgemuth war insgesamt zufrieden.\u00a0Foto: IMAGO\/regios24\/IMAGO\/Darius Simka\t\t\t<\/p>\n<p>Nach dem 1:3 des VfB Stuttgart gegen Leipzig haben sich die Beteiligten zur Partie ge\u00e4u\u00dfert. Wir fassen die Stimmen zum Spiel zusammen.<\/p>\n<p>Am 9. Spieltag der Fu\u00dfball-<a href=\"https:\/\/www.stuttgarter-nachrichten.de\/thema\/Bundesliga\" title=\"Bundesliga\" class=\"art_thema\" target=\"_blank\" rel=\"noopener\">Bundesliga<\/a> spielte der <a href=\"https:\/\/www.stuttgarter-nachrichten.de\/thema\/VfB_Stuttgart\" title=\"VfB Stuttgart\" class=\"art_thema\" target=\"_blank\" rel=\"noopener\">VfB Stuttgart<\/a> gegen das Team von RB Leipzig. Ein Spitzenspiel, das grunds\u00e4tzlich hielt, was es versprach. Am Ende zog der VfB den K\u00fcrzeren. Wir haben nach dem Spiel die Stimmen der Beteiligten gesammelt.<\/p>\n<p> <b>VfB-Trainer Sebastian Hoene\u00df:<\/b> \u201eWir haben grunds\u00e4tzlich ein hochklassiges Spiel gesehen. Gerade in der ersten Halbzeit machen wir in der Phase 5. bis 30. Minute ein nahezu perfektes Spiel, da hat nur das Tor gefehlt. Aber Leipzig mit ihren \u00fcberragenden Umschaltsituationen macht es dann gut. Nach dem 0:2 haben wir nicht aufgeh\u00f6rt, an uns geglaubt, hatten gute Phasen. Wir hatten genug, um den Punch zu setzen. Das 1:3 ist bitter f\u00fcr Alex, weil er bis dahin \u00fcberragend gespielt hat. Er hat eine klasse Leistung gezeigt.\u201c<\/p>\n<p> <b>RBL-Trainer Ole Werner:<\/b> \u201eEs war das Spitzenspiel zweier Mannschaften, die sich auf Augenh\u00f6he begegnet sind. Es freut mich, dass meine Mannschaft am Ende der englischen Woche eine Top-Leistung gezeigt, darauf wollen wir aufbauen und weiter hungrig bleiben, um dann gegen Hoffenheim zu bestehen.\u201c<\/p>\n<p> <b>VfB-Keeper Alex N\u00fcbel: <\/b>\u201eDer geht auf mich, ich muss den Ball lang schlagen, wollte es spielerisch l\u00f6sen. Ein klarer Fehler. Es tut weh, auch weil es am Ende entscheidend war. Zum Zeitpunkt war es uns noch m\u00f6glich, hier zum Ausgleich zu kommen. Aber so war das Spiel dann durch.\u201c<\/p>\n<p> <b>VfB-Sportdirektor Fabian Wohlgemuth: <\/b>\u201eWir haben einen mutigen und engagierten Auftritt unserer Mannschaft gesehen. Wir haben uns nie versteckt, doch Pr\u00e4zision und Durchschlagskraft gingen uns im letzten Drittel ab. Das hat Leipzig besser gemacht als wir. Auch wenn wir nach der Pause dem einem R\u00fcckstand hinterherlaufen mussten, habe ich insgesamt einen Auftritt gesehen, der nach vorne blicken l\u00e4sst. Nichtsdestotrotz war der Sieg der Leipziger nicht unverdient, weil sie die klareren Chancen hatten.\u201c<\/p>\n<p> <a href=\"https:\/\/www.stuttgarter-nachrichten.de\/thema\/Noten_f%c3%bcr_die_Roten\" target=\"_blank\" rel=\"noopener\">Alle Noten f\u00fcr die Wei\u00df-Roten <\/a>| <a href=\"https:\/\/www.stuttgarter-nachrichten.de\/vfblive\" target=\"_blank\" rel=\"noopener\">Das Bundesliga-Livecenter<\/a> <\/p>\n<p>Wir haben alle mindestens 15 Minuten eingesetzten Spieler des VfB Stuttgart mit einer detaillierten <a href=\"https:\/\/www.stuttgarter-nachrichten.de\/thema\/Einzelkritik\" target=\"_blank\" rel=\"noopener\">Einzelkritik <\/a>bewertet. <b>\u00dcbrigens:<\/b>\u00a0<a href=\"https:\/\/www.stuttgarter-nachrichten.de\/vfbnoten\" target=\"_blank\" rel=\"noopener\">Auch Sie k\u00f6nnen hier die VfB-Spieler bewerten.<\/a> Die Bilder zum Spiel haben wir in der Galerie f\u00fcr Sie zusammengestellt.<\/p>\n","protected":false},"excerpt":{"rendered":"Der VfB Stuttgart hat in Leipzig mit 1:3 verloren. Sportchef Wohlgemuth war insgesamt zufrieden.\u00a0Foto: IMAGO\/regios24\/IMAGO\/Darius Simka Nach dem&hellip;\n","protected":false},"author":2,"featured_media":544355,"comment_status":"","ping_status":"","sticky":false,"template":"","format":"standard","meta":{"footnotes":""},"categories":[1832],"tags":[299,3364,29,30,71,132780,42804,859,3497,2915],"class_list":{"0":"post-544354","1":"post","2":"type-post","3":"status-publish","4":"format-standard","5":"has-post-thumbnail","7":"category-leipzig","8":"tag-bundesliga","9":"tag-de","10":"tag-deutschland","11":"tag-germany","12":"tag-leipzig","13":"tag-rb-leipzi","14":"tag-rblvfb","15":"tag-sachsen","16":"tag-sebastian-hoeness","17":"tag-vfb-stuttgart"},"share_on_mastodon":{"url":"https:\/\/pubeurope.com\/@de\/115477980950704655","error":""},"_links":{"self":[{"href":"https:\/\/www.europesays.com\/de\/wp-json\/wp\/v2\/posts\/544354","targetHints":{"allow":["GET"]}}],"collection":[{"href":"https:\/\/www.europesays.com\/de\/wp-json\/wp\/v2\/posts"}],"about":[{"href":"https:\/\/www.europesays.com\/de\/wp-json\/wp\/v2\/types\/post"}],"author":[{"embeddable":true,"href":"https:\/\/www.europesays.com\/de\/wp-json\/wp\/v2\/users\/2"}],"replies":[{"embeddable":true,"href":"https:\/\/www.europesays.com\/de\/wp-json\/wp\/v2\/comments?post=544354"}],"version-history":[{"count":0,"href":"https:\/\/www.europesays.com\/de\/wp-json\/wp\/v2\/posts\/544354\/revisions"}],"wp:featuredmedia":[{"embeddable":true,"href":"https:\/\/www.europesays.com\/de\/wp-json\/wp\/v2\/media\/544355"}],"wp:attachment":[{"href":"https:\/\/www.europesays.com\/de\/wp-json\/wp\/v2\/media?parent=544354"}],"wp:term":[{"taxonomy":"category","embeddable":true,"href":"https:\/\/www.europesays.com\/de\/wp-json\/wp\/v2\/categories?post=544354"},{"taxonomy":"post_tag","embeddable":true,"href":"https:\/\/www.europesays.com\/de\/wp-json\/wp\/v2\/tags?post=544354"}],"curies":[{"name":"wp","href":"https:\/\/api.w.org\/{rel}","templated":true}]}}