{"id":544378,"date":"2025-11-02T03:41:15","date_gmt":"2025-11-02T03:41:15","guid":{"rendered":"https:\/\/www.europesays.com\/de\/544378\/"},"modified":"2025-11-02T03:41:15","modified_gmt":"2025-11-02T03:41:15","slug":"berlin-brandenburg-vorfall-am-ber-spranger-will-bessere-drohnenabwehr","status":"publish","type":"post","link":"https:\/\/www.europesays.com\/de\/544378\/","title":{"rendered":"Berlin &#038; Brandenburg: Vorfall am BER &#8211; Spranger will bessere Drohnenabwehr"},"content":{"rendered":"<p>                    Berlin &amp; Brandenburg<br \/>\n                Vorfall am BER &#8211; Spranger will bessere Drohnenabwehr<\/p>\n<p>\t\t\t\t              01.11.2025, 13:37 Uhr<\/p>\n<p><strong>Am Flughafen BER wird eine Drohne gesichtet. Vor\u00fcbergehend wird der Flugverkehr eingestellt. Und jetzt?<\/strong><\/p>\n<p>Berlin (dpa\/bb) &#8211; Innensenatorin Iris Spranger h\u00e4lt nach den St\u00f6rungen im Flugverkehr am Flughafen BER wegen einer Drohnensichtung mehr Einsatz f\u00fcr die Drohnenabwehr f\u00fcr unverzichtbar. &#8222;Ich begr\u00fc\u00dfe die Initiative auf Bundesebene in Bezug auf die Drohnenabwehr. Ich bef\u00fcrworte die Einrichtung eines zentralen Drohnenabwehrzentrums&#8220;, teilte die SPD-Politikerin auf dpa-Anfrage mit.<\/p>\n<p>&#8222;Bereits fr\u00fch haben wir in Berlin die Dringlichkeit der Drohnenabwehr erkannt und schon im Kontext der UEFA EURO 2024 Abwehrtechnik beschafft&#8220;, erl\u00e4uterte Spranger. Weitere Anschaffungen w\u00fcrden sichergestellt. &#8222;Dass jedoch die Bundeswehr bei der Drohnenabwehr in Amtshilfe t\u00e4tig werden soll, muss in engen, rechtlichen Grenzen erfolgen und gepr\u00fcft werden.&#8220;<\/p>\n<p>Wegen der Sichtung einer Drohne am Freitagabend wurde der Flugverkehr in Sch\u00f6nefeld f\u00fcr knapp zwei Stunden eingestellt. Eine Reihe von Fl\u00fcgen wurde nach Angaben eines Flughafensprechers umgeleitet, ein Flug fiel aus. Inzwischen gebe es keine Beeintr\u00e4chtigungen mehr.<\/p>\n<p>Berlin will auch die Gesetzeslage anpassen<\/p>\n<p>Erst Anfang Oktober hatten Drohnen unbekannter Herkunft den Flugbetrieb am Flughafen in M\u00fcnchen gest\u00f6rt. Die Zahl der St\u00f6rungen durch solche Flugger\u00e4te unbekannter Herkunft nehmen zu.<\/p>\n<p>Eine Sprecherin der Innenverwaltung teilte mit, Ma\u00dfnahmen zum Entdecken und Abwehren von Drohnen, von denen Gefahren f\u00fcr die \u00f6ffentliche Sicherheit ausgingen, k\u00f6nnten von der Polizei in Berlin grunds\u00e4tzlich bereits nach jetziger Rechtslage ergriffen werden. &#8222;Dessen ungeachtet werden die Ereignisse der j\u00fcngeren Vergangenheit zum Anlass genommen, um die Gesetzeslage zur Erh\u00f6hung der Rechtssicherheit weiter anzupassen.&#8220;<\/p>\n<p>So berate das Abgeordnetenhaus derzeit eine entsprechende Erg\u00e4nzung des Allgemeinen Sicherheits- und Ordnungsgesetzes. Danach solle eine spezialgesetzliche Regelung geschaffen werden, die die Drohnendetektion und -abwehr regele und die von Drohnen ausgehenden Gefahren in besonderer Weise ber\u00fccksichtige.<\/p>\n<p>Grunds\u00e4tzlich stelle die zunehmende Verbreitung unbemannter Luftfahrtsysteme bundesweit eine sicherheitsrelevante Herausforderung dar. Derzeit werde durch das Bundesinnenministerium ein Sachstandsbericht zu den aktuellen Handlungserfordernissen erarbeitet, so die Sprecherin weiter. &#8222;Dieser muss f\u00fcr eine valide Bewertung der Vorschl\u00e4ge abgewartet werden.&#8220;<\/p>\n<p>Der Vorsto\u00df zum B\u00fcndeln von Kompetenzen aus Bund und L\u00e4ndern mit Blick auf eine verfassungsrechtlich zul\u00e4ssige Zusammenarbeit polizeilicher und milit\u00e4rischer Drohnenabwehrexpertise sei jedoch zu begr\u00fc\u00dfen.<\/p>\n","protected":false},"excerpt":{"rendered":"Berlin &amp; Brandenburg Vorfall am BER &#8211; Spranger will bessere Drohnenabwehr 01.11.2025, 13:37 Uhr Am Flughafen BER wird&hellip;\n","protected":false},"author":2,"featured_media":544379,"comment_status":"","ping_status":"","sticky":false,"template":"","format":"standard","meta":{"footnotes":""},"categories":[1816],"tags":[1960,1958,1959,1957,13410,296,1956,1890,29,30260,30,16978,14733],"class_list":{"0":"post-544378","1":"post","2":"type-post","3":"status-publish","4":"format-standard","5":"has-post-thumbnail","7":"category-brandenburg","8":"tag-aktuelle-nachrichten-aus-berlin-und-brandenburg","9":"tag-aktuelle-nachrichten-aus-brandenburg","10":"tag-aktuelle-news-aus-berlin-und-brandenburg","11":"tag-aktuelle-news-aus-brandenburg","12":"tag-ber","13":"tag-berlin","14":"tag-berlin-und-brandenburg","15":"tag-brandenburg","16":"tag-deutschland","17":"tag-drohnenabwehr","18":"tag-germany","19":"tag-spranger","20":"tag-vorfall"},"share_on_mastodon":{"url":"https:\/\/pubeurope.com\/@de\/115478035424016044","error":""},"_links":{"self":[{"href":"https:\/\/www.europesays.com\/de\/wp-json\/wp\/v2\/posts\/544378","targetHints":{"allow":["GET"]}}],"collection":[{"href":"https:\/\/www.europesays.com\/de\/wp-json\/wp\/v2\/posts"}],"about":[{"href":"https:\/\/www.europesays.com\/de\/wp-json\/wp\/v2\/types\/post"}],"author":[{"embeddable":true,"href":"https:\/\/www.europesays.com\/de\/wp-json\/wp\/v2\/users\/2"}],"replies":[{"embeddable":true,"href":"https:\/\/www.europesays.com\/de\/wp-json\/wp\/v2\/comments?post=544378"}],"version-history":[{"count":0,"href":"https:\/\/www.europesays.com\/de\/wp-json\/wp\/v2\/posts\/544378\/revisions"}],"wp:featuredmedia":[{"embeddable":true,"href":"https:\/\/www.europesays.com\/de\/wp-json\/wp\/v2\/media\/544379"}],"wp:attachment":[{"href":"https:\/\/www.europesays.com\/de\/wp-json\/wp\/v2\/media?parent=544378"}],"wp:term":[{"taxonomy":"category","embeddable":true,"href":"https:\/\/www.europesays.com\/de\/wp-json\/wp\/v2\/categories?post=544378"},{"taxonomy":"post_tag","embeddable":true,"href":"https:\/\/www.europesays.com\/de\/wp-json\/wp\/v2\/tags?post=544378"}],"curies":[{"name":"wp","href":"https:\/\/api.w.org\/{rel}","templated":true}]}}