{"id":544405,"date":"2025-11-02T03:57:20","date_gmt":"2025-11-02T03:57:20","guid":{"rendered":"https:\/\/www.europesays.com\/de\/544405\/"},"modified":"2025-11-02T03:57:20","modified_gmt":"2025-11-02T03:57:20","slug":"campari-aktien-im-wert-von-13-milliarden-euro-beschlagnahmt-wirtschaft","status":"publish","type":"post","link":"https:\/\/www.europesays.com\/de\/544405\/","title":{"rendered":"Campari-Aktien im Wert von 1,3 Milliarden Euro beschlagnahmt &#8211; Wirtschaft"},"content":{"rendered":"<p data-manual=\"paragraph\" data-schema-org-speakable=\"true\" class=\"css-1eosz7k\">Italiens Finanzpolizei hat Aktien des weltweit t\u00e4tigen Spirituosenkonzerns Campari im Wert von ann\u00e4hernd 1,3 Milliarden Euro beschlagnahmt. Hintergrund sind Vorw\u00fcrfe, dass bei Gesch\u00e4ften im <a href=\"https:\/\/www.sueddeutsche.de\/thema\/Ausland\" target=\"_blank\" rel=\"noopener\">Ausland<\/a> in gro\u00dfem Stil Steuern hinterzogen worden seien, wie die Ermittlungsbeh\u00f6rden mitteilten.<\/p>\n<p data-manual=\"paragraph\" data-schema-org-speakable=\"true\" class=\"css-1eosz7k\">Die Aktien geh\u00f6ren dem Mehrheitsaktion\u00e4r des Mail\u00e4nder Traditionskonzerns, der Holding Lagfin mit Sitz in <a href=\"https:\/\/www.sueddeutsche.de\/thema\/Luxemburg\" target=\"_blank\" rel=\"noopener\">Luxemburg<\/a>. Campari geh\u00f6rt zu Italiens bekanntesten Marken. Au\u00dfer dem gleichnamigen Bitterlik\u00f6r vertreibt der Konzern Getr\u00e4nke wie Aperol, Crodino oder Cynar.<\/p>\n<p data-manual=\"paragraph\" data-schema-org-speakable=\"true\" class=\"css-1eosz7k\">Die Geschichte des Unternehmens \u2013 mit vollem Namen Davide Campari-Milano \u2013 reicht bis 1860 zur\u00fcck. Benannt ist es nach dem Sohn des Gr\u00fcnders.<\/p>\n<p>Gewinne aus Italien sollen dort nicht versteuert worden sein<\/p>\n<p data-manual=\"paragraph\" data-schema-org-speakable=\"true\" class=\"css-1eosz7k\">Die Ermittlungen gegen die Holding kamen durch eine Steuerpr\u00fcfung bei der italienischen Niederlassung in den Jahren 2023\/24 ins Rollen. Die Finanzpolizei vermutet, dass bei einer fr\u00fcheren Fusion sogenannte Exit-Tax-Gewinne nicht gemeldet wurden \u2013 steuerpflichtige Ver\u00e4u\u00dferungsgewinne, die bei der Verlagerung von Verm\u00f6genswerten ins Ausland entstehen. Dabei soll es um eine Summe von mehr als f\u00fcnf Milliarden Euro gehen, die nicht besteuert worden sei.<\/p>\n<p data-manual=\"paragraph\" data-schema-org-speakable=\"true\" class=\"css-1eosz7k\">Die Ermittler legen der Holding deshalb eine \u201ebetr\u00fcgerische Steuererkl\u00e4rung\u201c zur Last. Dem italienischen Fiskus sei nach Berechnungen der Finanzpolizei ein Betrag von mehr als 1,29 Milliarden Euro entgangen \u2013 die Summe, die nun durch die Sperre von Davide-Campari-Stammaktien sichergestellt wurde. Die Beschlagnahmung erfolgte am Freitagabend nach B\u00f6rsenschluss. Lagfin h\u00e4lt 51,8 Prozent der Campari-Aktien. An der B\u00f6rse ist der Konzern aktuell mehr als sieben Milliarden Euro wert.<\/p>\n","protected":false},"excerpt":{"rendered":"Italiens Finanzpolizei hat Aktien des weltweit t\u00e4tigen Spirituosenkonzerns Campari im Wert von ann\u00e4hernd 1,3 Milliarden Euro beschlagnahmt. Hintergrund&hellip;\n","protected":false},"author":2,"featured_media":544406,"comment_status":"","ping_status":"","sticky":false,"template":"","format":"standard","meta":{"footnotes":""},"categories":[134],"tags":[147,175,170,169,29,30,355,148,17614,171,174,149,173,172,55],"class_list":{"0":"post-544405","1":"post","2":"type-post","3":"status-publish","4":"format-standard","5":"has-post-thumbnail","7":"category-unternehmen-maerkte","8":"tag-ausland","9":"tag-business","10":"tag-companies","11":"tag-companies-markets","12":"tag-deutschland","13":"tag-germany","14":"tag-italien","15":"tag-leserdiskussion","16":"tag-luxemburg","17":"tag-markets","18":"tag-maerkte","19":"tag-sueddeutsche-zeitung","20":"tag-unternehmen","21":"tag-unternehmen-maerkte","22":"tag-wirtschaft"},"share_on_mastodon":{"url":"https:\/\/pubeurope.com\/@de\/115478098314817243","error":""},"_links":{"self":[{"href":"https:\/\/www.europesays.com\/de\/wp-json\/wp\/v2\/posts\/544405","targetHints":{"allow":["GET"]}}],"collection":[{"href":"https:\/\/www.europesays.com\/de\/wp-json\/wp\/v2\/posts"}],"about":[{"href":"https:\/\/www.europesays.com\/de\/wp-json\/wp\/v2\/types\/post"}],"author":[{"embeddable":true,"href":"https:\/\/www.europesays.com\/de\/wp-json\/wp\/v2\/users\/2"}],"replies":[{"embeddable":true,"href":"https:\/\/www.europesays.com\/de\/wp-json\/wp\/v2\/comments?post=544405"}],"version-history":[{"count":0,"href":"https:\/\/www.europesays.com\/de\/wp-json\/wp\/v2\/posts\/544405\/revisions"}],"wp:featuredmedia":[{"embeddable":true,"href":"https:\/\/www.europesays.com\/de\/wp-json\/wp\/v2\/media\/544406"}],"wp:attachment":[{"href":"https:\/\/www.europesays.com\/de\/wp-json\/wp\/v2\/media?parent=544405"}],"wp:term":[{"taxonomy":"category","embeddable":true,"href":"https:\/\/www.europesays.com\/de\/wp-json\/wp\/v2\/categories?post=544405"},{"taxonomy":"post_tag","embeddable":true,"href":"https:\/\/www.europesays.com\/de\/wp-json\/wp\/v2\/tags?post=544405"}],"curies":[{"name":"wp","href":"https:\/\/api.w.org\/{rel}","templated":true}]}}