{"id":544407,"date":"2025-11-02T03:58:10","date_gmt":"2025-11-02T03:58:10","guid":{"rendered":"https:\/\/www.europesays.com\/de\/544407\/"},"modified":"2025-11-02T03:58:10","modified_gmt":"2025-11-02T03:58:10","slug":"der-herbst-in-new-york-baerbock-gibt-in-neuem-instagram-video-das-gossip-girl","status":"publish","type":"post","link":"https:\/\/www.europesays.com\/de\/544407\/","title":{"rendered":"Der Herbst in New York &#8230;&#8220;: Baerbock gibt in neuem Instagram-Video das &#8222;Gossip Girl"},"content":{"rendered":"<p>                    &#8222;Der Herbst in New York &#8230;&#8220;<br \/>\n                Baerbock gibt in neuem Instagram-Video das &#8222;Gossip Girl&#8220;<\/p>\n<p>\t\t\t\t              02.11.2025, 02:05 Uhr<\/p>\n<p><strong>Seit September schweift Annalena Baerbock als Pr\u00e4sidentin der UN-Vollversammlung durch New York. In zahlreichen Instagram-Videos zeigt sie Alltag und Arbeit. Jetzt gibt es ein neues Filmchen mit Central-Park-Spaziergang und Ankl\u00e4ngen an die Serie &#8222;Gossip Girl&#8220;. <\/strong><\/p>\n<p>Nach einem Video im &#8222;Sex and the City&#8220;-Stil hat sich die fr\u00fchere Bundesau\u00dfenministerin und jetzige Pr\u00e4sidentin der UN-Vollversammlung, Annalena Baerbock, mit einem weiteren Video im Stil einer Erfolgsserie aus New York gemeldet. Baerbock geht in dem auf ihrem Instagram-Profil ver\u00f6ffentlichten Video durch den herbstlichen Central Park &#8211; dazu l\u00e4uft ein Zitat aus der Serie &#8222;Gossip Girl&#8220;: &#8222;Der Herbst in New York ist einzigartig, aber nicht nur die Bl\u00e4tter ver\u00e4ndern sich.&#8220;<\/p>\n<p> Diesen Satz erg\u00e4nzt Baerbock mit Hinweisen auf ihre Aufgaben. Nun habe die Zeit der Ausschusssitzungen in der UN-Vollversammlung begonnen und es sei Zeit, an die Arbeit zu gehen. &#8222;Jeden Herbst, nach der Generaldebatte auf h\u00f6chster Ebene, beginnt die eigentliche Arbeit in den Ausschusss\u00e4len. Von Oktober bis Ende November krempeln Diplomaten aus allen 193 Mitgliedstaaten die \u00c4rmel hoch und arbeiten in den sechs Hauptaussch\u00fcssen der Vereinten Nationen. Dort debattieren, verhandeln und gestalten sie die Resolutionsentw\u00fcrfe, die sp\u00e4ter von der Generalversammlung verabschiedet werden. Diese Zeit ist das Herzst\u00fcck der multilateralen Diplomatie&#8220;, schreibt sie. <\/p>\n<p>Die Serie &#8222;Gossip Girl&#8220; war in den USA zwischen 2007 und 2012 zu sehen und erz\u00e4hlt von einer Gruppe junger Menschen auf der Upper East Side in Manhattan.<\/p>\n<p>Baerbock, die bis Mai Bundesau\u00dfenministerin war, ist seit September Pr\u00e4sidentin der Vollversammlung der Vereinten Nationen in New York. Der Spitzenposition wird in erster Linie protokollarische Bedeutung beigemessen &#8211; sie ist nicht mit der Rolle von UN-Generalsekret\u00e4r Ant\u00f3nio Guterres zu verwechseln. Bereits kurz vor ihrem Amtsantritt hatte Baerbock mit einem Instagram-Video im Stil der Kult-Serie &#8222;Sex and the City&#8220; f\u00fcr Schlagzeilen gesorgt.<\/p>\n<p>F\u00fcr ihr aktuelles Video bekam Baerbock zahlreiche Herzchen und Likes, wobei die Kommentarfunktion limitiert war. Ein User freute sich f\u00fcr sie, dass sie sich in New York so gut eingelebt habe. Ein anderer bescheinigte ihr und ihrem Kurzfilm, das sei &#8222;sch\u00f6n und attraktiv&#8220;. Eine Userin schrieb ungehalten: F\u00fcr den Job bei der UNO sei &#8222;also Aussehen und Spr\u00fccheklopfen unabdingbar. W\u00fcnsche mir Komplexeres. Allein schon angesichts der Gehaltsstufe&#8220;.<\/p>\n","protected":false},"excerpt":{"rendered":"&#8222;Der Herbst in New York &#8230;&#8220; Baerbock gibt in neuem Instagram-Video das &#8222;Gossip Girl&#8220; 02.11.2025, 02:05 Uhr Seit&hellip;\n","protected":false},"author":2,"featured_media":544408,"comment_status":"","ping_status":"","sticky":false,"template":"","format":"standard","meta":{"footnotes":""},"categories":[3],"tags":[1436,13,152,14,15,16,12,10,8,9,11,55425,12018,103,104],"class_list":{"0":"post-544407","1":"post","2":"type-post","3":"status-publish","4":"format-standard","5":"has-post-thumbnail","7":"category-welt","8":"tag-annalena-baerbock","9":"tag-headlines","10":"tag-instagram","11":"tag-nachrichten","12":"tag-news","13":"tag-politik","14":"tag-schlagzeilen","15":"tag-top-news","16":"tag-top-meldungen","17":"tag-topmeldungen","18":"tag-topnews","19":"tag-un-vollversammlung","20":"tag-vereinte-nationen","21":"tag-welt","22":"tag-world"},"share_on_mastodon":{"url":"","error":""},"_links":{"self":[{"href":"https:\/\/www.europesays.com\/de\/wp-json\/wp\/v2\/posts\/544407","targetHints":{"allow":["GET"]}}],"collection":[{"href":"https:\/\/www.europesays.com\/de\/wp-json\/wp\/v2\/posts"}],"about":[{"href":"https:\/\/www.europesays.com\/de\/wp-json\/wp\/v2\/types\/post"}],"author":[{"embeddable":true,"href":"https:\/\/www.europesays.com\/de\/wp-json\/wp\/v2\/users\/2"}],"replies":[{"embeddable":true,"href":"https:\/\/www.europesays.com\/de\/wp-json\/wp\/v2\/comments?post=544407"}],"version-history":[{"count":0,"href":"https:\/\/www.europesays.com\/de\/wp-json\/wp\/v2\/posts\/544407\/revisions"}],"wp:featuredmedia":[{"embeddable":true,"href":"https:\/\/www.europesays.com\/de\/wp-json\/wp\/v2\/media\/544408"}],"wp:attachment":[{"href":"https:\/\/www.europesays.com\/de\/wp-json\/wp\/v2\/media?parent=544407"}],"wp:term":[{"taxonomy":"category","embeddable":true,"href":"https:\/\/www.europesays.com\/de\/wp-json\/wp\/v2\/categories?post=544407"},{"taxonomy":"post_tag","embeddable":true,"href":"https:\/\/www.europesays.com\/de\/wp-json\/wp\/v2\/tags?post=544407"}],"curies":[{"name":"wp","href":"https:\/\/api.w.org\/{rel}","templated":true}]}}