{"id":544453,"date":"2025-11-02T04:27:14","date_gmt":"2025-11-02T04:27:14","guid":{"rendered":"https:\/\/www.europesays.com\/de\/544453\/"},"modified":"2025-11-02T04:27:14","modified_gmt":"2025-11-02T04:27:14","slug":"frankreich-mireille-mathieu-chanel-hut-und-sonnenschutz-gegen-die-zeit","status":"publish","type":"post","link":"https:\/\/www.europesays.com\/de\/544453\/","title":{"rendered":"Frankreich: Mireille Mathieu: Chanel-Hut und Sonnenschutz gegen die Zeit"},"content":{"rendered":"<p>        Frankreich<br \/>\n      Mireille Mathieu: Chanel-Hut und Sonnenschutz gegen die Zeit<\/p>\n<p>            Kopiere den aktuellen Link<\/p>\n<p>          Zur Merkliste hinzuf\u00fcgen<\/p>\n<p>60 Jahre Karriere &#8211; und bald 80 Jahre alt: Die franz\u00f6sische Chanson-Legende feiert B\u00fchnenjubil\u00e4um und verr\u00e4t, was sie jung h\u00e4lt. Ihr Geheimnis? Mehr als nur gute Gene.<\/p>\n<p class=\"typo-body-sc-md\">\u00a0 Chanson-Legende <a class=\"\" data-target-type=\"article\" href=\"https:\/\/www.stern.de\/politik\/ausland\/themen\/mireille-mathieu-4156876.html\" target=\"_blank\" rel=\"noopener\">Mireille Mathieu<\/a> (79) hat schon in jungen Jahren einiges f\u00fcr eine sch\u00f6ne Haut im Alter getan. Sie lebt gesund, achtet auf sich \u2013 und schw\u00f6rt auf Sonnenschutz. &#8222;Ich benutze Creme mit Lichtschutzfaktor 50, auch im Winter&#8220;, verriet sie der Deutschen Presse-Agentur in Paris. Denn selbst hinter Wolken k\u00f6nne die Sonne der Haut zusetzen.<\/p>\n<p class=\"typo-body-sc-md\">Im Sommer greift Mathieu zudem auf ein kleines Accessoire-Arsenal zur\u00fcck: einen eigens von <a class=\"taxonomy-entity place\" data-target-type=\"article\" href=\"https:\/\/www.stern.de\/lifestyle\/mode\/themen\/chanel-4152226.html\" target=\"_blank\" rel=\"noopener\">Chanel<\/a> f\u00fcr sie entworfenen Hut aus feinem Musselin und einen chinesischen Sonnenschirm. &#8222;Seit meinem 23. Lebensjahr meide ich direkte Sonne im Gesicht.&#8220;<\/p>\n<p class=\"typo-body-sc-md\">\u00dcber das Aussehen im Alter sagt die Franz\u00f6sin der dpa aber auch: &#8222;Das ist genetisch bedingt, glaube ich.&#8220; Am 22. Juli 2026 wird die international bekannte S\u00e4ngerin ihren 80. Geburtstag feiern.\u00a0<\/p>\n<p class=\"typo-body-sc-md\">Noch immer auf der B\u00fchne<\/p>\n<p class=\"typo-body-sc-md\">Seit 60 Jahren steht sie unerm\u00fcdlich auf der B\u00fchne. In <a class=\"taxonomy-entity place\" data-target-type=\"article\" href=\"https:\/\/www.stern.de\/politik\/ausland\/themen\/frankreich-4540716.html\" target=\"_blank\" rel=\"noopener\">Frankreich<\/a> feiert sie dieses Jubil\u00e4um derzeit mit zahlreichen Konzerten.<\/p>\n<p class=\"typo-body-sc-md\">Wenige Monate nach ihrem runden Geburtstag kommt die Chanson-Legende nach Deutschland, wo ihre Konzerte zuletzt allesamt ausverkauft waren. Was sie diesmal singen wird, wei\u00df sie noch nicht \u2013 &#8222;auf jeden Fall wieder Lieder auf Deutsch&#8220;, sagte sie. &#8222;Denn das Publikum singt dann mit. Das deutsche Publikum ist wunderbar \u2013 sie kennen die Texte auswendig.&#8220; Den Auftakt zu ihren 13 Konzerten in Deutschland feiert sie am 28. Oktober in Chemnitz.<\/p>\n<p>\n    dpa\n  <\/p>\n","protected":false},"excerpt":{"rendered":"Frankreich Mireille Mathieu: Chanel-Hut und Sonnenschutz gegen die Zeit Kopiere den aktuellen Link Zur Merkliste hinzuf\u00fcgen 60 Jahre&hellip;\n","protected":false},"author":2,"featured_media":544454,"comment_status":"","ping_status":"","sticky":false,"template":"","format":"standard","meta":{"footnotes":""},"categories":[3974],"tags":[331,332,548,663,3934,3980,156,13,14,15,12],"class_list":{"0":"post-544453","1":"post","2":"type-post","3":"status-publish","4":"format-standard","5":"has-post-thumbnail","7":"category-frankreich","8":"tag-aktuelle-nachrichten","9":"tag-aktuelle-news","10":"tag-eu","11":"tag-europa","12":"tag-europe","13":"tag-france","14":"tag-frankreich","15":"tag-headlines","16":"tag-nachrichten","17":"tag-news","18":"tag-schlagzeilen"},"share_on_mastodon":{"url":"https:\/\/pubeurope.com\/@de\/115478216579017201","error":""},"_links":{"self":[{"href":"https:\/\/www.europesays.com\/de\/wp-json\/wp\/v2\/posts\/544453","targetHints":{"allow":["GET"]}}],"collection":[{"href":"https:\/\/www.europesays.com\/de\/wp-json\/wp\/v2\/posts"}],"about":[{"href":"https:\/\/www.europesays.com\/de\/wp-json\/wp\/v2\/types\/post"}],"author":[{"embeddable":true,"href":"https:\/\/www.europesays.com\/de\/wp-json\/wp\/v2\/users\/2"}],"replies":[{"embeddable":true,"href":"https:\/\/www.europesays.com\/de\/wp-json\/wp\/v2\/comments?post=544453"}],"version-history":[{"count":0,"href":"https:\/\/www.europesays.com\/de\/wp-json\/wp\/v2\/posts\/544453\/revisions"}],"wp:featuredmedia":[{"embeddable":true,"href":"https:\/\/www.europesays.com\/de\/wp-json\/wp\/v2\/media\/544454"}],"wp:attachment":[{"href":"https:\/\/www.europesays.com\/de\/wp-json\/wp\/v2\/media?parent=544453"}],"wp:term":[{"taxonomy":"category","embeddable":true,"href":"https:\/\/www.europesays.com\/de\/wp-json\/wp\/v2\/categories?post=544453"},{"taxonomy":"post_tag","embeddable":true,"href":"https:\/\/www.europesays.com\/de\/wp-json\/wp\/v2\/tags?post=544453"}],"curies":[{"name":"wp","href":"https:\/\/api.w.org\/{rel}","templated":true}]}}