{"id":544472,"date":"2025-11-02T04:39:36","date_gmt":"2025-11-02T04:39:36","guid":{"rendered":"https:\/\/www.europesays.com\/de\/544472\/"},"modified":"2025-11-02T04:39:36","modified_gmt":"2025-11-02T04:39:36","slug":"in-der-nachspielzeit-schalke-04-verliert-nach-pokal-klatsche-erneut-hertha-bsc-feiert-naechsten-sieg-nuernberg-atmet-auf","status":"publish","type":"post","link":"https:\/\/www.europesays.com\/de\/544472\/","title":{"rendered":"In der Nachspielzeit! Schalke 04 verliert nach Pokal-Klatsche erneut &#8211; Hertha BSC feiert n\u00e4chsten Sieg &#8211; N\u00fcrnberg atmet auf"},"content":{"rendered":"<p>Schalke verliert nach der Pokal-Klatsche erneut &#8211; Hertha BSC und N\u00fcrnberg feiern wichtige Siege.<\/p>\n<p>Nach dem \u00fcberraschend deutlichen Pokal-Aus unter der Woche hat Spitzenreiter Schalke 04 auch in der 2. Bundesliga Federn gelassen. Die Mannschaft von Trainer Miron Muslic unterlag nach zuletzt f\u00fcnf Ligasiegen in Serie mit 1:2 (0:0) beim Karlsruher SC und k\u00f6nnte die Tabellenf\u00fchrung nach dem elften Spieltag verlieren.<\/p>\n","protected":false},"excerpt":{"rendered":"Schalke verliert nach der Pokal-Klatsche erneut &#8211; Hertha BSC und N\u00fcrnberg feiern wichtige Siege. Nach dem \u00fcberraschend deutlichen&hellip;\n","protected":false},"author":2,"featured_media":544473,"comment_status":"","ping_status":"","sticky":false,"template":"","format":"standard","meta":{"footnotes":""},"categories":[1837],"tags":[132792,783,621,772,3364,29,8468,3766,8704,30,120461,132522,3850,132537,132793,3783,16870],"class_list":{"0":"post-544472","1":"post","2":"type-post","3":"status-publish","4":"format-standard","5":"has-post-thumbnail","7":"category-nuernberg","8":"tag-1-fc-nuernberg-vs-eintracht-braunschweig","9":"tag-1-fc-nuernberg","10":"tag-2-bundesliga","11":"tag-bayern","12":"tag-de","13":"tag-deutschland","14":"tag-deutschland-2-bundesliga","15":"tag-dynamo-dresden","16":"tag-eintracht-braunschweig","17":"tag-germany","18":"tag-hertha-berlin","19":"tag-hertha-berlin-vs-dynamo-dresden","20":"tag-karlsruher-sc","21":"tag-karlsruher-sc-vs-schalke-04","22":"tag-nuernberg-vs-eintracht-braunschweig","23":"tag-nuernberg","24":"tag-schalke-04"},"share_on_mastodon":{"url":"https:\/\/pubeurope.com\/@de\/115478263412733501","error":""},"_links":{"self":[{"href":"https:\/\/www.europesays.com\/de\/wp-json\/wp\/v2\/posts\/544472","targetHints":{"allow":["GET"]}}],"collection":[{"href":"https:\/\/www.europesays.com\/de\/wp-json\/wp\/v2\/posts"}],"about":[{"href":"https:\/\/www.europesays.com\/de\/wp-json\/wp\/v2\/types\/post"}],"author":[{"embeddable":true,"href":"https:\/\/www.europesays.com\/de\/wp-json\/wp\/v2\/users\/2"}],"replies":[{"embeddable":true,"href":"https:\/\/www.europesays.com\/de\/wp-json\/wp\/v2\/comments?post=544472"}],"version-history":[{"count":0,"href":"https:\/\/www.europesays.com\/de\/wp-json\/wp\/v2\/posts\/544472\/revisions"}],"wp:featuredmedia":[{"embeddable":true,"href":"https:\/\/www.europesays.com\/de\/wp-json\/wp\/v2\/media\/544473"}],"wp:attachment":[{"href":"https:\/\/www.europesays.com\/de\/wp-json\/wp\/v2\/media?parent=544472"}],"wp:term":[{"taxonomy":"category","embeddable":true,"href":"https:\/\/www.europesays.com\/de\/wp-json\/wp\/v2\/categories?post=544472"},{"taxonomy":"post_tag","embeddable":true,"href":"https:\/\/www.europesays.com\/de\/wp-json\/wp\/v2\/tags?post=544472"}],"curies":[{"name":"wp","href":"https:\/\/api.w.org\/{rel}","templated":true}]}}