{"id":544663,"date":"2025-11-02T06:36:21","date_gmt":"2025-11-02T06:36:21","guid":{"rendered":"https:\/\/www.europesays.com\/de\/544663\/"},"modified":"2025-11-02T06:36:21","modified_gmt":"2025-11-02T06:36:21","slug":"festnahme-nach-wohnungseinbruch-berlin-de","status":"publish","type":"post","link":"https:\/\/www.europesays.com\/de\/544663\/","title":{"rendered":"Festnahme nach Wohnungseinbruch &#8211; Berlin.de"},"content":{"rendered":"<p>\n    <strong>Nr. 2366<\/strong><br \/>In der vergangenen Nacht wurden Polizeikr\u00e4fte zu einem Wohnungseinbruch nach Westend gerufen. Ein Zeuge beobachte gegen 22:30 Uhr, wie zwei M\u00e4nner im Alter von 28 und 39 Jahren eine Fensterscheibe einer Parterrewohnung eines Mehrfamilienhauses in der Soorstra\u00dfe eingeschlagen haben sollen. Der 28-J\u00e4hrige sei durch das ge\u00f6ffnete Fenster in die Wohnung gestiegen. Alarmierte Einsatzkr\u00e4fte nahmen den 39-J\u00e4hrigen, der sich vor dem Wohnhaus aufhielt, fest. Der 28-J\u00e4hrige sprang aus dem Fenster und versuchte zu fl\u00fcchten. Durch den Einsatz eines Diensthundes konnte auch er gestellt und festgenommen werden. Einsatzkr\u00e4fte brachten das Duo in ein Polizeigewahrsam. Von dort aus sollen die M\u00e4nner einem Ermittlungsrichter zum Erlass eines Haftbefehls vorgestellt werden. Mit den weiteren Ermittlungen ist ein Fachkommissariat der Polizeidirektion 2 (West) betraut.\n  <\/p>\n","protected":false},"excerpt":{"rendered":"Nr. 2366In der vergangenen Nacht wurden Polizeikr\u00e4fte zu einem Wohnungseinbruch nach Westend gerufen. Ein Zeuge beobachte gegen 22:30&hellip;\n","protected":false},"author":2,"featured_media":2288,"comment_status":"","ping_status":"","sticky":false,"template":"","format":"standard","meta":{"footnotes":""},"categories":[1825],"tags":[296,29,30,132812,1584,132784,2331],"class_list":{"0":"post-544663","1":"post","2":"type-post","3":"status-publish","4":"format-standard","5":"has-post-thumbnail","7":"category-berlin","8":"tag-berlin","9":"tag-deutschland","10":"tag-germany","11":"tag-ii1612258","12":"tag-kriminalitaet","13":"tag-meldung-polizei-berlin-vom-01-11-2025","14":"tag-polizeimeldung"},"share_on_mastodon":{"url":"https:\/\/pubeurope.com\/@de\/115478723804506074","error":""},"_links":{"self":[{"href":"https:\/\/www.europesays.com\/de\/wp-json\/wp\/v2\/posts\/544663","targetHints":{"allow":["GET"]}}],"collection":[{"href":"https:\/\/www.europesays.com\/de\/wp-json\/wp\/v2\/posts"}],"about":[{"href":"https:\/\/www.europesays.com\/de\/wp-json\/wp\/v2\/types\/post"}],"author":[{"embeddable":true,"href":"https:\/\/www.europesays.com\/de\/wp-json\/wp\/v2\/users\/2"}],"replies":[{"embeddable":true,"href":"https:\/\/www.europesays.com\/de\/wp-json\/wp\/v2\/comments?post=544663"}],"version-history":[{"count":0,"href":"https:\/\/www.europesays.com\/de\/wp-json\/wp\/v2\/posts\/544663\/revisions"}],"wp:featuredmedia":[{"embeddable":true,"href":"https:\/\/www.europesays.com\/de\/wp-json\/wp\/v2\/media\/2288"}],"wp:attachment":[{"href":"https:\/\/www.europesays.com\/de\/wp-json\/wp\/v2\/media?parent=544663"}],"wp:term":[{"taxonomy":"category","embeddable":true,"href":"https:\/\/www.europesays.com\/de\/wp-json\/wp\/v2\/categories?post=544663"},{"taxonomy":"post_tag","embeddable":true,"href":"https:\/\/www.europesays.com\/de\/wp-json\/wp\/v2\/tags?post=544663"}],"curies":[{"name":"wp","href":"https:\/\/api.w.org\/{rel}","templated":true}]}}