{"id":544681,"date":"2025-11-02T06:48:18","date_gmt":"2025-11-02T06:48:18","guid":{"rendered":"https:\/\/www.europesays.com\/de\/544681\/"},"modified":"2025-11-02T06:48:18","modified_gmt":"2025-11-02T06:48:18","slug":"doch-neuerung-gilt-nicht-ueberall-2","status":"publish","type":"post","link":"https:\/\/www.europesays.com\/de\/544681\/","title":{"rendered":"Doch Neuerung gilt nicht \u00fcberall"},"content":{"rendered":"<ol class=\"id-DonaldBreadcrumb lp_west_breadcrumb id-DonaldBreadcrumb--default\" data-k5a-pos=\"west_breadcrumb\">\n<li class=\"id-Breadcrumb-item\"><a href=\"https:\/\/www.wa.de\/\" class=\"id-Breadcrumb-link\" data-id-ec=\"{\" shn=\"\" textlink=\"\" data-k5a-pos=\"1_waDe\" target=\"_blank\" rel=\"noopener\">wa.de<\/a><\/li>\n<li class=\"id-Breadcrumb-item\"><a href=\"https:\/\/www.wa.de\/verbraucher\/\" class=\"id-Breadcrumb-link\" data-id-ec=\"{\" shn=\"\" textlink=\"\" data-k5a-pos=\"2_verbraucher\" target=\"_blank\" rel=\"noopener\">Verbraucher<\/a><\/li>\n<\/ol>\n<p class=\"id-Story-timestamp id-Story-timestamp--default\">Stand: 02.11.2025, 04:49 Uhr<\/p>\n<p class=\"id-Story-authors id-Story-authors--default\">Von: <a class=\"id-Story-authors-link lp_west_author\" href=\"https:\/\/www.wa.de\/autor\/nadja-katz-3fzrgl3f8.html\" title=\"Zur Autorenseite von Nadja Katz\" data-id-ec=\"{\" shn=\"\" author-link=\"\" katz=\"\" data-k5a-pos=\"west_author\" target=\"_blank\" rel=\"noopener\">Nadja Katz<\/a><\/p>\n<p class=\"id-Story-interactionBar id-Story-interactionBar--default\">DruckenTeilen<\/p>\n<p><img decoding=\"async\" class=\"id-RatioPlaceholder-element wv_story_el_image\" src=\"https:\/\/www.europesays.com\/de\/wp-content\/uploads\/2025\/11\/40281607-leergut-annahmestelle-in-einem-supermarkt-symbolbild-29c01bgekw7a.jpg\" loading=\"eager\" fetchpriority=\"high\"   height=\"792\" width=\"1408\" alt=\"Leergut-Annahmestelle in einem Supermarkt. (Symbolbild)\"\/>Kaufland f\u00fchrt als erster H\u00e4ndler Pfand auf Weinflaschen ein.  \u00a9\u00a0IMAGO\/C3 Pictures<\/p>\n<p class=\"id-StoryElement-leadText\">Ab sofort ist bei Kaufland auch Wein in Mehrwegflaschen erh\u00e4ltlich \u2013 doch nicht in allen Filialen. Wo die Pfand-Weine zu kaufen sind.<\/p>\n<p class=\"id-StoryElement-paragraph\">M\u00fcnchen \u2013 Die Zeiten, in denen <a href=\"https:\/\/www.merkur.de\/deutschland\/baden-wuerttemberg\/das-sind-zwei-der-schoensten-weinorte-deutschlands-94013753.html\" class=\"id-import-Link id-pageApi-Link--externalDomain\" data-id-ec=\"{&quot;sht&quot;:&quot;Container&quot;,&quot;shn&quot;:&quot;Story&quot;,&quot;p&quot;:{&quot;containerType&quot;:&quot;Paragraph&quot;,&quot;displayType&quot;:&quot;Paragraph InlineLink&quot;,&quot;type&quot;:&quot;INLINE_LINK&quot;,&quot;value&quot;:&quot;Weinflaschen nach dem Genuss ihres Inhalts&quot;,&quot;variant&quot;:&quot;standardLink&quot;,&quot;sponsored&quot;:false,&quot;linkHref&quot;:&quot;https:\/\/www.merkur.de\/deutschland\/baden-wuerttemberg\/das-sind-zwei-der-schoensten-weinorte-deutschlands-94013753.html&quot;,&quot;storyElementPosition&quot;:8,&quot;storyElementCount&quot;:22}}\" target=\"_blank\" rel=\"noopener\">Weinflaschen nach dem Genuss ihres Inhalts<\/a> in den Glascontainer wandern, k\u00f6nnten bald vorbei sein. <a href=\"https:\/\/www.merkur.de\/verbraucher\/kaufland-zweiter-erfolg-schwarz-gruppe-im-einzelhandel-90058192.html\" class=\"id-import-Link id-pageApi-Link--externalDomain\" data-id-ec=\"{&quot;sht&quot;:&quot;Container&quot;,&quot;shn&quot;:&quot;Story&quot;,&quot;p&quot;:{&quot;containerType&quot;:&quot;Paragraph&quot;,&quot;displayType&quot;:&quot;Paragraph InlineLink&quot;,&quot;type&quot;:&quot;INLINE_LINK&quot;,&quot;value&quot;:&quot;Kaufland&quot;,&quot;variant&quot;:&quot;standardLink&quot;,&quot;sponsored&quot;:false,&quot;linkHref&quot;:&quot;https:\/\/www.merkur.de\/verbraucher\/kaufland-zweiter-erfolg-schwarz-gruppe-im-einzelhandel-90058192.html&quot;,&quot;storyElementPosition&quot;:8,&quot;storyElementCount&quot;:22}}\" target=\"_blank\" rel=\"noopener\">Kaufland<\/a> f\u00fchrt jetzt Pfandflaschen f\u00fcr Wein ein. Obwohl die Pfand-Weinflaschen nur in S\u00fcddeutschland verkauft werden, k\u00f6nnen Kunden sie an allen Kaufland-Leergutautomaten in ganz Deutschland zur\u00fcckgeben.<\/p>\n<p class=\"id-StoryElement-paragraph\">Seit dem 30. Oktober k\u00f6nnen Kunden in rund 200 Kaufland-Filialen in <a href=\"https:\/\/www.bw24.de\/baden-wuerttemberg\/\" class=\"id-import-Link id-pageApi-Link--externalDomain\" title=\"Baden-W&#xFC;rttemberg\" data-id-ec=\"{&quot;sht&quot;:&quot;Container&quot;,&quot;shn&quot;:&quot;Story&quot;,&quot;p&quot;:{&quot;containerType&quot;:&quot;Paragraph&quot;,&quot;displayType&quot;:&quot;Paragraph InlineLink&quot;,&quot;type&quot;:&quot;INLINE_LINK&quot;,&quot;value&quot;:&quot;Baden-W&#xFC;rttemberg&quot;,&quot;variant&quot;:&quot;standardLink&quot;,&quot;sponsored&quot;:false,&quot;linkHref&quot;:&quot;https:\/\/www.bw24.de\/baden-wuerttemberg\/&quot;,&quot;storyElementPosition&quot;:11,&quot;storyElementCount&quot;:22}}\" target=\"_blank\" rel=\"noopener\">Baden-W\u00fcrttemberg<\/a> und Teilen Bayerns Wein in 0,75-Liter-Mehrwegflaschen kaufen. Das Sortiment umfasst regionalen Rotwein, Wei\u00dfwein und Ros\u00e9. F\u00fcr jede Flasche nimmt <a href=\"https:\/\/www.merkur.de\/lokales\/muenchen\/oder-rewe-gehen-pfand-aerger-in-muenchner-supermarkt-da-muessen-sie-zu-edeka-93627767.html\" class=\"id-import-Link id-pageApi-Link--externalDomain\" data-id-ec=\"{&quot;sht&quot;:&quot;Container&quot;,&quot;shn&quot;:&quot;Story&quot;,&quot;p&quot;:{&quot;containerType&quot;:&quot;Paragraph&quot;,&quot;displayType&quot;:&quot;Paragraph InlineLink&quot;,&quot;type&quot;:&quot;INLINE_LINK&quot;,&quot;value&quot;:&quot;der H&#xE4;ndler 25 Cent Pfand&quot;,&quot;variant&quot;:&quot;standardLink&quot;,&quot;sponsored&quot;:false,&quot;linkHref&quot;:&quot;https:\/\/www.merkur.de\/lokales\/muenchen\/oder-rewe-gehen-pfand-aerger-in-muenchner-supermarkt-da-muessen-sie-zu-edeka-93627767.html&quot;,&quot;storyElementPosition&quot;:11,&quot;storyElementCount&quot;:22}}\" target=\"_blank\" rel=\"noopener\">der H\u00e4ndler 25 Cent Pfand<\/a> \u2013 genauso viel wie f\u00fcr Plastikflaschen mit Sprudelwasser.<\/p>\n<p>Genossenschaft ebnet den Weg: Wein-Mehrweg mit Pfand bei Kaufland eingef\u00fchrt<\/p>\n<p class=\"id-StoryElement-paragraph\">\u201eMit den neuen Mehrweg-Weinflaschen weiten wir unser Mehrwegangebot aus. F\u00fcr unsere Kunden bedeutet das: Sie sparen sich den Gang zum Glascontainer, tun etwas f\u00fcr die Umwelt und erhalten zudem ein regionales Qualit\u00e4tsprodukt\u201c, erkl\u00e4rte Markus Bretz, Bereichsleiter Einkauf Food und Getr\u00e4nke bei Kaufland in einer Pressemitteilung.<\/p>\n<p class=\"id-StoryElement-paragraph\">Die Wein-Mehrweg eG hat passend zu den Pfandflaschen auch spezielle K\u00e4sten aus Recyclingmaterial entwickelt. Diese kosten 3,50 Euro Pfand und k\u00f6nnen wie die Flaschen selbst an jedem Kaufland-Leergutautomaten in Deutschland zur\u00fcckgegeben werden.<\/p>\n<p>Erlaubt oder verboten? Diese zw\u00f6lf \u00fcberraschenden Regeln gelten im Supermarkt<img decoding=\"async\" class=\"id-RatioPlaceholder-element wv_story_el_interstitialImage\" src=\"https:\/\/www.europesays.com\/de\/wp-content\/uploads\/2025\/04\/36184986-frau-legt-getraenk-in-einkaufswagen-2oITSaS4xkfe.jpg\" loading=\"lazy\"   height=\"3534\" width=\"5303\" alt=\"Frau legt Getr&#xE4;nk in Einkaufswagen\"\/><a href=\"https:\/\/www.wa.de\/leben\/einfach-tasty\/supermarkt-regeln-erlaubt-verboten-einkauf-waren-produkte-zr-93433319.html\" class=\"id-StoryElement-intestitialLink-link\" data-id-ec=\"{\" shn=\"\" ansehen=\"\" data-k5a-pos=\"west_story_15_photoGalleryLink\" title=\"Zur Fotostrecke: Erlaubt oder verboten? Diese zw&#xF6;lf &#xFC;berraschenden Regeln gelten im Supermarkt\" target=\"_blank\" rel=\"noopener\">Fotostrecke ansehen<\/a><\/p>\n<p class=\"id-StoryElement-paragraph\">Hinter der Innovation steht die Wein-Mehrweg eG, eine 2023 gegr\u00fcndete Genossenschaft aus Baden-W\u00fcrttemberg. In ihr haben sich bereits 14 Weinbaubetriebe zusammengeschlossen, die \u00fcber f\u00fcnf Prozent der deutschen Weinproduktion ausmachen. Die Flaschen sind durch eine spezielle Pr\u00e4gung am Flaschenhals und das Mehrwegzeichen auf dem Etikett erkennbar.<\/p>\n<p>Kaufland f\u00fchrt Wein-Pfand ein: Mehrwegflaschen helfen der Umwelt<\/p>\n<p class=\"id-StoryElement-paragraph\">Die Genossenschaft ist zudem offen f\u00fcr neue Mitglieder, informiert sie auf ihrer Internetseite. Betriebe, die interessiert sind, die 0,75l Wein-Mehrwegflasche zu nutzen, k\u00f6nnen unabh\u00e4ngig von der Betriebsform beitreten \u2013 also alle Genossenschaften, Weing\u00fcter, Kellereien und sonstige Inverkehrbringer von Weinen.<\/p>\n<p class=\"id-StoryElement-paragraph\">Der Grund f\u00fcr die Pfand-Neuerung: Die Glasflasche verursacht bei der Weinproduktion <a href=\"https:\/\/www.merkur.de\/lokales\/wuermtal\/krailling-ort377340\/krailling-setzt-auf-dezentrale-loesungen-fuer-co-reduktion-94004423.html\" class=\"id-import-Link id-pageApi-Link--externalDomain\" data-id-ec=\"{&quot;sht&quot;:&quot;Container&quot;,&quot;shn&quot;:&quot;Story&quot;,&quot;p&quot;:{&quot;containerType&quot;:&quot;Paragraph&quot;,&quot;displayType&quot;:&quot;Paragraph InlineLink&quot;,&quot;type&quot;:&quot;INLINE_LINK&quot;,&quot;value&quot;:&quot;den gr&#xF6;&#xDF;ten CO&#x2082;-Aussto&#xDF;&quot;,&quot;variant&quot;:&quot;standardLink&quot;,&quot;sponsored&quot;:false,&quot;linkHref&quot;:&quot;https:\/\/www.merkur.de\/lokales\/wuermtal\/krailling-ort377340\/krailling-setzt-auf-dezentrale-loesungen-fuer-co-reduktion-94004423.html&quot;,&quot;storyElementPosition&quot;:22,&quot;storyElementCount&quot;:22}}\" target=\"_blank\" rel=\"noopener\">den gr\u00f6\u00dften CO\u2082-Aussto\u00df<\/a>. Ganze 47 Prozent der Emissionen gehen auf die Herstellung der Flasche zur\u00fcck. Mehrwegflaschen k\u00f6nnen bis zu 50 Mal wieder bef\u00fcllt werden, bevor sie recycelt werden m\u00fcssen. (Quellen: Pressemitteilung Kaufland, Wein-Mehrweg.de) (nana)<\/p>\n","protected":false},"excerpt":{"rendered":"wa.de Verbraucher Stand: 02.11.2025, 04:49 Uhr Von: Nadja Katz DruckenTeilen Kaufland f\u00fchrt als erster H\u00e4ndler Pfand auf Weinflaschen&hellip;\n","protected":false},"author":2,"featured_media":542227,"comment_status":"","ping_status":"","sticky":false,"template":"","format":"standard","meta":{"footnotes":""},"categories":[134],"tags":[175,170,169,29,30,171,174,173,172],"class_list":{"0":"post-544681","1":"post","2":"type-post","3":"status-publish","4":"format-standard","5":"has-post-thumbnail","7":"category-unternehmen-maerkte","8":"tag-business","9":"tag-companies","10":"tag-companies-markets","11":"tag-deutschland","12":"tag-germany","13":"tag-markets","14":"tag-maerkte","15":"tag-unternehmen","16":"tag-unternehmen-maerkte"},"share_on_mastodon":{"url":"https:\/\/pubeurope.com\/@de\/115478771048881379","error":""},"_links":{"self":[{"href":"https:\/\/www.europesays.com\/de\/wp-json\/wp\/v2\/posts\/544681","targetHints":{"allow":["GET"]}}],"collection":[{"href":"https:\/\/www.europesays.com\/de\/wp-json\/wp\/v2\/posts"}],"about":[{"href":"https:\/\/www.europesays.com\/de\/wp-json\/wp\/v2\/types\/post"}],"author":[{"embeddable":true,"href":"https:\/\/www.europesays.com\/de\/wp-json\/wp\/v2\/users\/2"}],"replies":[{"embeddable":true,"href":"https:\/\/www.europesays.com\/de\/wp-json\/wp\/v2\/comments?post=544681"}],"version-history":[{"count":0,"href":"https:\/\/www.europesays.com\/de\/wp-json\/wp\/v2\/posts\/544681\/revisions"}],"wp:featuredmedia":[{"embeddable":true,"href":"https:\/\/www.europesays.com\/de\/wp-json\/wp\/v2\/media\/542227"}],"wp:attachment":[{"href":"https:\/\/www.europesays.com\/de\/wp-json\/wp\/v2\/media?parent=544681"}],"wp:term":[{"taxonomy":"category","embeddable":true,"href":"https:\/\/www.europesays.com\/de\/wp-json\/wp\/v2\/categories?post=544681"},{"taxonomy":"post_tag","embeddable":true,"href":"https:\/\/www.europesays.com\/de\/wp-json\/wp\/v2\/tags?post=544681"}],"curies":[{"name":"wp","href":"https:\/\/api.w.org\/{rel}","templated":true}]}}