{"id":544758,"date":"2025-11-02T07:39:22","date_gmt":"2025-11-02T07:39:22","guid":{"rendered":"https:\/\/www.europesays.com\/de\/544758\/"},"modified":"2025-11-02T07:39:22","modified_gmt":"2025-11-02T07:39:22","slug":"niedersachsen-bremen-83-jaehriger-an-stuhl-gefesselt-und-ausgeraubt","status":"publish","type":"post","link":"https:\/\/www.europesays.com\/de\/544758\/","title":{"rendered":"Niedersachsen &#038; Bremen: 83-J\u00e4hriger an Stuhl gefesselt und ausgeraubt"},"content":{"rendered":"<p>                    Niedersachsen &amp; Bremen<br \/>\n                83-J\u00e4hriger an Stuhl gefesselt und ausgeraubt<\/p>\n<p>\t\t\t\t              01.11.2025, 17:33 Uhr<\/p>\n<p><strong>Drei bewaffnete T\u00e4ter dringen in das Haus eines 83-J\u00e4hrigen ein. Sie fesseln ihn und rauben ihn aus. Die Polizei sucht mit einer Drohne und einem Sp\u00fcrhund nach ihnen.<\/strong><\/p>\n<p>Eydelstedt (dpa\/lni) &#8211; Drei bewaffnete T\u00e4ter haben einen 83 Jahre alten Mann in seinem Haus im Landkreis Diepholz \u00fcberfallen und an einen Stuhl gefesselt. Die maskierten Diebe hatten am Morgen bei dem Mann in Eydelstedt geklingelt und ihn mit einer Schusswaffe bedroht, wie die Polizei mitteilte. Sie dr\u00e4ngten ihn zur\u00fcck ins Haus und fesselten ihn dort an einen Stuhl. Anschlie\u00dfend durchsuchten sie das Haus nach Wertsachen und fl\u00fcchteten.<\/p>\n<p>Eine Nachbarin bemerkte die M\u00e4nner und fand ihren Nachbarn gefesselt vor. Sofort alarmierte sie die Polizei. Die Ermittler fahndeten unter anderem mit der Hilfe einer Drohne und eines Hundes nach den T\u00e4tern, jedoch ohne Erfolg. Der 83 Jahre alte Mann blieb den ersten Erkenntnissen nach unverletzt. Es war unklar, was die Diebe entwenden konnten. Die Polizei sucht nun nach Zeugen, die den \u00dcberfall beobachtet haben.<\/p>\n","protected":false},"excerpt":{"rendered":"Niedersachsen &amp; Bremen 83-J\u00e4hriger an Stuhl gefesselt und ausgeraubt 01.11.2025, 17:33 Uhr Drei bewaffnete T\u00e4ter dringen in das&hellip;\n","protected":false},"author":2,"featured_media":544759,"comment_status":"","ping_status":"","sticky":false,"template":"","format":"standard","meta":{"footnotes":""},"categories":[1824],"tags":[2420,3364,29,30,1411,17953],"class_list":{"0":"post-544758","1":"post","2":"type-post","3":"status-publish","4":"format-standard","5":"has-post-thumbnail","7":"category-bremen","8":"tag-bremen","9":"tag-de","10":"tag-deutschland","11":"tag-germany","12":"tag-niedersachsen","13":"tag-stuhl"},"share_on_mastodon":{"url":"https:\/\/pubeurope.com\/@de\/115478971259911477","error":""},"_links":{"self":[{"href":"https:\/\/www.europesays.com\/de\/wp-json\/wp\/v2\/posts\/544758","targetHints":{"allow":["GET"]}}],"collection":[{"href":"https:\/\/www.europesays.com\/de\/wp-json\/wp\/v2\/posts"}],"about":[{"href":"https:\/\/www.europesays.com\/de\/wp-json\/wp\/v2\/types\/post"}],"author":[{"embeddable":true,"href":"https:\/\/www.europesays.com\/de\/wp-json\/wp\/v2\/users\/2"}],"replies":[{"embeddable":true,"href":"https:\/\/www.europesays.com\/de\/wp-json\/wp\/v2\/comments?post=544758"}],"version-history":[{"count":0,"href":"https:\/\/www.europesays.com\/de\/wp-json\/wp\/v2\/posts\/544758\/revisions"}],"wp:featuredmedia":[{"embeddable":true,"href":"https:\/\/www.europesays.com\/de\/wp-json\/wp\/v2\/media\/544759"}],"wp:attachment":[{"href":"https:\/\/www.europesays.com\/de\/wp-json\/wp\/v2\/media?parent=544758"}],"wp:term":[{"taxonomy":"category","embeddable":true,"href":"https:\/\/www.europesays.com\/de\/wp-json\/wp\/v2\/categories?post=544758"},{"taxonomy":"post_tag","embeddable":true,"href":"https:\/\/www.europesays.com\/de\/wp-json\/wp\/v2\/tags?post=544758"}],"curies":[{"name":"wp","href":"https:\/\/api.w.org\/{rel}","templated":true}]}}