{"id":544777,"date":"2025-11-02T07:49:12","date_gmt":"2025-11-02T07:49:12","guid":{"rendered":"https:\/\/www.europesays.com\/de\/544777\/"},"modified":"2025-11-02T07:49:12","modified_gmt":"2025-11-02T07:49:12","slug":"vfb-stuttgart-warum-der-vfb-zuversicht-aus-dem-leipzig-spiel-zieht-vfb-stuttgart","status":"publish","type":"post","link":"https:\/\/www.europesays.com\/de\/544777\/","title":{"rendered":"VfB Stuttgart: Warum der VfB Zuversicht aus dem Leipzig-Spiel zieht &#8211; VfB Stuttgart"},"content":{"rendered":"<p>Die Stuttgarter unterliegen RB Leipzig nicht unverdient \u2013 nehmen aus dem Spiel aber trotzdem Positives mit. Wie die Verantwortlichen die Lage einsch\u00e4tzen und wo man sich steigern will.<\/p>\n<p>Von einem Moment auf den anderen war die Aufholjagd des <a href=\"https:\/\/www.esslinger-zeitung.de\/thema\/VfB_Stuttgart\" title=\"VfB Stuttgart\" class=\"art_thema\" target=\"_blank\" rel=\"noopener\">VfB Stuttgart<\/a> beendet \u2013 und das ohne Wenn und Aber selbstverschuldet. Torh\u00fcter Alexander N\u00fcbel vert\u00e4ndelte als letzter Mann den Ball, sein Gegenspieler Romulo bedankte sich und schob in der ersten Minute der Nachspielzeit zum 3:1-Endstand f\u00fcr RB Leipzig im <a href=\"https:\/\/www.esslinger-zeitung.de\/thema\/Bundesliga\" title=\"Bundesliga\" class=\"art_thema\" target=\"_blank\" rel=\"noopener\">Bundesliga<\/a>-Topspiel ein. \u201eEs ist mein Fehler\u201c, sagte N\u00fcbel im Anschluss, \u201eein langer Ball w\u00e4re in dieser Situation besser gewesen. Es tut mir leid f\u00fcr die Mannschaft.\u201c Von seinem Trainer bekam der Schlussmann indessen umgehend R\u00fcckendeckung. Die Szene sei f\u00fcr N\u00fcbel vor allem deshalb bitter gewesen, so Sebastian Hoene\u00df auf der Pressekonferenz mit Blick auf die zahlreichen Paraden der Nummer eins, \u201eweil er bis dahin \u00fcberragend gespielt hat. Er hat eine klasse Leistung gezeigt.\u201c<\/p>\n","protected":false},"excerpt":{"rendered":"Die Stuttgarter unterliegen RB Leipzig nicht unverdient \u2013 nehmen aus dem Spiel aber trotzdem Positives mit. Wie die&hellip;\n","protected":false},"author":2,"featured_media":544778,"comment_status":"","ping_status":"","sticky":false,"template":"","format":"standard","meta":{"footnotes":""},"categories":[1830],"tags":[1634,299,3364,29,30,42804,1441,2915,5329],"class_list":{"0":"post-544777","1":"post","2":"type-post","3":"status-publish","4":"format-standard","5":"has-post-thumbnail","7":"category-stuttgart","8":"tag-baden-wuerttemberg","9":"tag-bundesliga","10":"tag-de","11":"tag-deutschland","12":"tag-germany","13":"tag-rblvfb","14":"tag-stuttgart","15":"tag-vfb-stuttgart","16":"tag-video"},"share_on_mastodon":{"url":"https:\/\/pubeurope.com\/@de\/115479010661416709","error":""},"_links":{"self":[{"href":"https:\/\/www.europesays.com\/de\/wp-json\/wp\/v2\/posts\/544777","targetHints":{"allow":["GET"]}}],"collection":[{"href":"https:\/\/www.europesays.com\/de\/wp-json\/wp\/v2\/posts"}],"about":[{"href":"https:\/\/www.europesays.com\/de\/wp-json\/wp\/v2\/types\/post"}],"author":[{"embeddable":true,"href":"https:\/\/www.europesays.com\/de\/wp-json\/wp\/v2\/users\/2"}],"replies":[{"embeddable":true,"href":"https:\/\/www.europesays.com\/de\/wp-json\/wp\/v2\/comments?post=544777"}],"version-history":[{"count":0,"href":"https:\/\/www.europesays.com\/de\/wp-json\/wp\/v2\/posts\/544777\/revisions"}],"wp:featuredmedia":[{"embeddable":true,"href":"https:\/\/www.europesays.com\/de\/wp-json\/wp\/v2\/media\/544778"}],"wp:attachment":[{"href":"https:\/\/www.europesays.com\/de\/wp-json\/wp\/v2\/media?parent=544777"}],"wp:term":[{"taxonomy":"category","embeddable":true,"href":"https:\/\/www.europesays.com\/de\/wp-json\/wp\/v2\/categories?post=544777"},{"taxonomy":"post_tag","embeddable":true,"href":"https:\/\/www.europesays.com\/de\/wp-json\/wp\/v2\/tags?post=544777"}],"curies":[{"name":"wp","href":"https:\/\/api.w.org\/{rel}","templated":true}]}}