{"id":544806,"date":"2025-11-02T08:04:13","date_gmt":"2025-11-02T08:04:13","guid":{"rendered":"https:\/\/www.europesays.com\/de\/544806\/"},"modified":"2025-11-02T08:04:13","modified_gmt":"2025-11-02T08:04:13","slug":"trauer-um-vater-von-vicky-leandros","status":"publish","type":"post","link":"https:\/\/www.europesays.com\/de\/544806\/","title":{"rendered":"Trauer um Vater von Vicky Leandros"},"content":{"rendered":"<p class=\"mb-4 text-lg md:leading-8 break-words\">Leo Leandros (1923-2025) ist laut eines griechischen Medienberichts am 31. Oktober im Alter von 102 Jahren gestorben. Die S\u00e4ngerin Vicky Leandros (73) best\u00e4tigt den Tod ihres Vaters gegen\u00fcber der &#8222;Bild&#8220;-Zeitung.<\/p>\n<p>&#8222;Jetzt ist er mit 102 friedlich eingeschlafen&#8220;<\/p>\n<p class=\"mb-4 text-lg md:leading-8 break-words\">&#8222;Mein Vater hat mich gro\u00dfgezogen, hat meine Karriere begleitet und mich unterst\u00fctzt. Daf\u00fcr werde ich ihm immer dankbar sein&#8220;, sagt Vicky Leandros. &#8222;Ich bin froh, dass er ein langes, erf\u00fclltes Leben haben durfte. Jetzt ist er mit 102 friedlich eingeschlafen.&#8220; Zuletzt soll Leo Leandros in Griechenland gelebt haben, wo er laut der Berichte auch in kleinem Kreis beerdigt werden soll.<\/p>\n<p class=\"mb-4 text-lg md:leading-8 break-words\">Einst war er selbst S\u00e4nger und am gro\u00dfen Erfolg seiner Tochter beteiligt &#8211; unter anderem beim Eurovision Song Contest. Das fing schon beim Namen an. Mit b\u00fcrgerlichem Namen hie\u00df er Leandros Papathanasiou, er nannte sich jedoch Leo Leandros. Aus seiner Tochter, die sp\u00e4ter die deutsche Hitparade erobern sollte, wurde entsprechend Vicky Leandros.<\/p>\n<p class=\"mb-4 text-lg md:leading-8 break-words\">Nachdem sie schon 1967 am ESC in Wien teilgenommen hatte, der damals noch als Grand Prix Eurovision de la Chanson bekannt war, kehrte sie 1972 auf die B\u00fchne des Musikwettbewerbs zur\u00fcck. War es f\u00fcnf Jahre zuvor noch der vierte Platz, konnte Vicky Leandros im schottischen Edinburgh schlie\u00dflich mit dem Lied &#8222;Apr\u00e8s toi&#8220; den Sieg f\u00fcr Luxemburg holen. Leo Leandros hatte an dem Song mitgeschrieben, seine Tochter wurde zum Star. Vicky Leandros&#8216; bis heute wohl gr\u00f6\u00dfter Hit &#8211; schon alleine weil ganz Deutschland sie mit dem Lied verbindet &#8211; d\u00fcrfte der 1974 ver\u00f6ffentlichte Schlager &#8222;Theo, wir fahr&#8217;n nach Lodz&#8220; sein.<\/p>\n","protected":false},"excerpt":{"rendered":"Leo Leandros (1923-2025) ist laut eines griechischen Medienberichts am 31. Oktober im Alter von 102 Jahren gestorben. Die&hellip;\n","protected":false},"author":2,"featured_media":544807,"comment_status":"","ping_status":"","sticky":false,"template":"","format":"standard","meta":{"footnotes":""},"categories":[1776],"tags":[1801,29,214,30,25481,132625,1802,215,50381],"class_list":{"0":"post-544806","1":"post","2":"type-post","3":"status-publish","4":"format-standard","5":"has-post-thumbnail","7":"category-prominente","8":"tag-celebrities","9":"tag-deutschland","10":"tag-entertainment","11":"tag-germany","12":"tag-leo","13":"tag-leo-leandros","14":"tag-prominente","15":"tag-unterhaltung","16":"tag-vicky-leandros"},"share_on_mastodon":{"url":"https:\/\/pubeurope.com\/@de\/115479069648293673","error":""},"_links":{"self":[{"href":"https:\/\/www.europesays.com\/de\/wp-json\/wp\/v2\/posts\/544806","targetHints":{"allow":["GET"]}}],"collection":[{"href":"https:\/\/www.europesays.com\/de\/wp-json\/wp\/v2\/posts"}],"about":[{"href":"https:\/\/www.europesays.com\/de\/wp-json\/wp\/v2\/types\/post"}],"author":[{"embeddable":true,"href":"https:\/\/www.europesays.com\/de\/wp-json\/wp\/v2\/users\/2"}],"replies":[{"embeddable":true,"href":"https:\/\/www.europesays.com\/de\/wp-json\/wp\/v2\/comments?post=544806"}],"version-history":[{"count":0,"href":"https:\/\/www.europesays.com\/de\/wp-json\/wp\/v2\/posts\/544806\/revisions"}],"wp:featuredmedia":[{"embeddable":true,"href":"https:\/\/www.europesays.com\/de\/wp-json\/wp\/v2\/media\/544807"}],"wp:attachment":[{"href":"https:\/\/www.europesays.com\/de\/wp-json\/wp\/v2\/media?parent=544806"}],"wp:term":[{"taxonomy":"category","embeddable":true,"href":"https:\/\/www.europesays.com\/de\/wp-json\/wp\/v2\/categories?post=544806"},{"taxonomy":"post_tag","embeddable":true,"href":"https:\/\/www.europesays.com\/de\/wp-json\/wp\/v2\/tags?post=544806"}],"curies":[{"name":"wp","href":"https:\/\/api.w.org\/{rel}","templated":true}]}}