{"id":544828,"date":"2025-11-02T08:16:18","date_gmt":"2025-11-02T08:16:18","guid":{"rendered":"https:\/\/www.europesays.com\/de\/544828\/"},"modified":"2025-11-02T08:16:18","modified_gmt":"2025-11-02T08:16:18","slug":"gesetzliche-krankenversicherung-krankenkassen-rechnen-trotz-sparplans-mit-hoeheren-beitraegen","status":"publish","type":"post","link":"https:\/\/www.europesays.com\/de\/544828\/","title":{"rendered":"Gesetzliche Krankenversicherung: Krankenkassen rechnen trotz Sparplans mit h\u00f6heren Beitr\u00e4gen"},"content":{"rendered":"<p class=\"paragraph article__item\">Die <a href=\"https:\/\/www.zeit.de\/thema\/krankenversicherung\" class=\"\" target=\"_blank\" rel=\"nofollow noopener\">gesetzlichen Krankenversicherungen<\/a> (GKV) warnen vor<br \/>\nweiter steigenden Beitr\u00e4gen im neuen Jahr \u2013 trotz des geplanten Sparpakets der<br \/>\nBundesregierung. Die geplanten Schritte der Politik reichten &#8222;absehbar nicht<br \/>\naus, Zusatzbeitragserh\u00f6hungen im Jahr 2026 zu verhindern&#8220;, schrieb die<br \/>\nTechniker Krankenkasse in einer Stellungnahme f\u00fcr eine Anh\u00f6rung zu den<br \/>\nGesetzespl\u00e4nen am Montag im <a class=\"rtr-entity\" href=\"https:\/\/www.zeit.de\/thema\/bundestag\" rel=\"nofollow noopener\" target=\"_blank\">Bundestag<\/a>. Der Dachverband der<br \/>\nBetriebskrankenkassen (BKK) teilte mit, wegen des n\u00f6tigen Auff\u00fcllens von R\u00fccklagen<br \/>\nw\u00fcrden &#8222;etliche Kassen auch im kommenden Jahr Beitragssatzanpassungen vornehmen<br \/>\nm\u00fcssen&#8220;.\n<\/p>\n<p class=\"paragraph article__item\"><a href=\"https:\/\/www.zeit.de\/politik\/deutschland\/2025-10\/krankenkassen-diskussion-warken-beitraege-gesetzliche-versicherung\" class=\"\" target=\"_blank\" rel=\"nofollow noopener\">Bundesgesundheitsministerin Nina Warken (CDU) hatte zuvor Pl\u00e4ne vorgestellt<\/a>, um die Finanzierungsl\u00fccke in der gesetzlichen <a class=\"rtr-entity\" href=\"https:\/\/www.zeit.de\/thema\/krankenversicherung\" rel=\"nofollow noopener\" target=\"_blank\">Krankenversicherung<\/a> zu<br \/>\nstopfen. Sie will dies <a href=\"https:\/\/www.zeit.de\/politik\/deutschland\/2025-10\/sparvorschlaege-nina-warken-gesundheitssystem-kassenbeitraege-krankenversicherung\" class=\"\" target=\"_blank\" rel=\"nofollow noopener\">vor allem \u00fcber Ausgabenk\u00fcrzungen bei Kliniken<\/a> erreichen, ohne dass die Krankenkassenbeitr\u00e4ge zum Jahreswechsel steigen m\u00fcssten. Der Zusatzbeitragssatz von 2,9<br \/>\nProzent, den gesetzlich Versicherte derzeit zahlen, soll also stabil bleiben.\u00a0Das Kabinett hat das Sparpaket in H\u00f6he von rund zwei<br \/>\nMilliarden Euro bereits gebilligt. Der Bundestag soll das Gesetz am Donnerstag<br \/>\nbeschlie\u00dfen.\u00a0\n<\/p>\n<p>        Krankenkassen rechnen mit h\u00f6heren Beitr\u00e4gen        <\/p>\n<p class=\"paragraph article__item\">Der GKV-Spitzenverband nannte es einen &#8222;ersten<br \/>\nrichtigen Schritt&#8220;, der f\u00fcr stabile Beitr\u00e4ge aber keinesfalls ausreiche. &#8222;Es<br \/>\nist davon auszugehen, dass f\u00fcr die weitere Auff\u00fcllung der Reserven ein<br \/>\nzus\u00e4tzlicher Finanzbedarf von mindestens 0,1 Beitragssatzpunkten besteht&#8220;,<br \/>\nhei\u00dft es in der Stellungnahme f\u00fcr die Anh\u00f6rung im Gesundheitsausschuss. Und weiter: &#8222;Insgesamt ist davon auszugehen, dass die tats\u00e4chlich erhobenen<br \/>\nZusatzbeitragss\u00e4tze der Krankenkassen zu Jahresbeginn 2026 im Durchschnitt 3<br \/>\nProzent \u00fcberschreiten werden.&#8220;\n<\/p>\n<p>                            \u00a9\u00a0unsplash.com<\/p>\n<p>\n                                        Newsletter<br \/>\n                                        Das tut mir gut \u2013 Der ZEIT-Gesundheitsnewsletter<\/p>\n<p class=\"newsletter-signup__text\">Einmal die Woche sammeln wir f\u00fcr Sie im ZEIT-Gesundheitsnewsletter die spannendsten Texte zu allem, was guttut. Darunter Tipps aus Psychologie und Medizin, Sport und Ern\u00e4hrung.<\/p>\n<p class=\"newsletter-signup__datapolicy\" hidden=\"\">\n            Mit Ihrer Registrierung nehmen Sie die <a href=\"https:\/\/datenschutz.zeit.de\/zon#Newsletter\" target=\"_blank\" rel=\"nofollow noopener\">Datenschutzerkl\u00e4rung<\/a><br \/>\n     zur Kenntnis.\n        <\/p>\n<p>    Vielen Dank! Wir haben Ihnen eine E-Mail geschickt.<\/p>\n<p>Pr\u00fcfen Sie Ihr Postfach und best\u00e4tigen Sie das Newsletter-Abonnement.<\/p>\n<p class=\"paragraph article__item\">Kassen und Arbeitgeber warnen au\u00dferdem, dass bei den<br \/>\nKliniken weniger Einsparungen zusammenkommen d\u00fcrften als erwartet. Warken will<br \/>\neine Klausel aussetzen, die zu h\u00f6heren Verg\u00fctungen f\u00fchren w\u00fcrde, als es einem<br \/>\nWert f\u00fcr die tats\u00e4chlichen Kostensteigerungen entspricht. Es gibt aber auch<br \/>\neine Regelung, wonach Erh\u00f6hungen bei der Tarifbezahlung voll von den Kassen zu<br \/>\ntragen sind.\u00a0\n<\/p>\n<p class=\"paragraph article__item\">&#8222;Sie konterkariert den geplanten Einspareffekt&#8220;, sagte die<br \/>\nBundesvereinigung Deutscher Arbeitgeberverb\u00e4nde. Statt veranschlagter 1,8<br \/>\nMilliarden Euro w\u00fcrden so nach Sch\u00e4tzungen im Ergebnis nur 1,3 Milliarden Euro<br \/>\neingespart, teilten die Allgemeinen Ortskrankenkassen (AOK) mit.\n<\/p>\n<p>                        Kliniken und Gewerkschaft protestieren        <\/p>\n<p class=\"paragraph article__item\">Auch die Klinikbranche und die Gewerkschaft <a href=\"https:\/\/www.zeit.de\/thema\/verdi\" class=\"\" target=\"_blank\" rel=\"nofollow noopener\">ver.di<\/a><br \/>\nkritisieren die Sparpl\u00e4ne. &#8222;Sie gef\u00e4hrden die Gesundheitsversorgung und<br \/>\nversch\u00e4rfen die wirtschaftliche Notlage der Krankenh\u00e4user&#8220;, warnte ver.di.<br \/>\nPl\u00f6tzliche Kostensteigerungen bei Energie und Sachausgaben w\u00fcrden nicht<br \/>\nausgeglichen. Zudem bestehe die Gefahr, dass Kliniken ihre Ausgaben \u00fcber<br \/>\nPersonalabbau k\u00fcrzten. Die Deutsche Krankenhausgesellschaft nannte die Pl\u00e4ne<br \/>\n&#8222;absolut unangebracht und inakzeptabel&#8220; und forderte h\u00f6here Verg\u00fctungen.\n<\/p>\n<p class=\"paragraph article__item\"><a href=\"https:\/\/www.zeit.de\/politik\/deutschland\/2025-08\/kassenbeitraege-krankenversicherung-finanzen-belastung-einsparung\" class=\"\" target=\"_blank\" rel=\"nofollow noopener\">Die Ausgaben im deutschen Gesundheitssystem steigen immer schneller<\/a><br \/>\n \u2013 vor allem viel st\u00e4rker als die Beitragseinnahmen. Jedes Jahr werde<br \/>\ndiese L\u00fccke um sechs bis acht Milliarden Euro gr\u00f6\u00dfer, hie\u00df es k\u00fcrzlich<br \/>\nin einem Bericht des Bundesrechnungshofes.\u00a0\n<\/p>\n<p>            Gesetzliche Krankenkassen        <\/p>\n<p>Mehr zum Thema<\/p>\n<p>                <a href=\"https:\/\/www.zeit.de\/politik\/deutschland\/2025-10\/sparvorschlaege-nina-warken-gesundheitssystem-kassenbeitraege-krankenversicherung\" data-ct-label=\"Sparvorschl\u00e4ge von Nina Warken: So wird das wohl nichts\" rel=\"nofollow noopener\" target=\"_blank\"><\/p>\n<p>                        Sparvorschl\u00e4ge von Nina Warken:<br \/>\n                        So wird das wohl nichts<\/p>\n<p>                <\/a><\/p>\n<p>                <a href=\"https:\/\/www.zeit.de\/politik\/deutschland\/2025-10\/krankenkassen-diskussion-warken-beitraege-gesetzliche-versicherung\" data-ct-label=\"Gesetzliche Krankenkassen: Gesundheitsministerin Warken will Krankenkassenbeitr\u00e4ge stabilisieren\" rel=\"nofollow noopener\" target=\"_blank\"><\/p>\n<p>                        Gesetzliche Krankenkassen:<br \/>\n                        Gesundheitsministerin Warken will Krankenkassenbeitr\u00e4ge stabilisieren<\/p>\n<p>                <\/a><\/p>\n<p>                <a href=\"https:\/\/www.zeit.de\/2025\/42\/krankenversicherung-selbstbeteiligung-gesundheitspolitk-christian-karagiannidis-cihan-celik\" data-ct-label=\"Selbstbeteiligung: &quot;Den Menschen w\u00fcrde man die Armut buchst\u00e4blich im Gesicht ansehen&quot;\" rel=\"nofollow noopener\" target=\"_blank\"><\/p>\n<p>        Z+ (abopflichtiger Inhalt);<\/p>\n<p>    Selbstbeteiligung:<br \/>\n                        &#8222;Den Menschen w\u00fcrde man die Armut buchst\u00e4blich im Gesicht ansehen&#8220;<\/p>\n<p>                <\/a><\/p>\n","protected":false},"excerpt":{"rendered":"Die gesetzlichen Krankenversicherungen (GKV) warnen vor weiter steigenden Beitr\u00e4gen im neuen Jahr \u2013 trotz des geplanten Sparpakets der&hellip;\n","protected":false},"author":2,"featured_media":544829,"comment_status":"","ping_status":"","sticky":false,"template":"","format":"standard","meta":{"footnotes":""},"categories":[2],"tags":[1173,31,43,29,30,1065,141,13,1188,14,15,36257,12,79437,132833,42149,10,8,9,11],"class_list":{"0":"post-544828","1":"post","2":"type-post","3":"status-publish","4":"format-standard","5":"has-post-thumbnail","7":"category-deutschland","8":"tag-bundesregierung","9":"tag-cdu","10":"tag-deutscher-bundestag","11":"tag-deutschland","12":"tag-germany","13":"tag-gesetzliche-krankenversicherung","14":"tag-gesundheit","15":"tag-headlines","16":"tag-krankenversicherung","17":"tag-nachrichten","18":"tag-news","19":"tag-nina-warken","20":"tag-schlagzeilen","21":"tag-sparplan","22":"tag-sparvorschlag","23":"tag-tkk","24":"tag-top-news","25":"tag-top-meldungen","26":"tag-topmeldungen","27":"tag-topnews"},"share_on_mastodon":{"url":"https:\/\/pubeurope.com\/@de\/115479116796165070","error":""},"_links":{"self":[{"href":"https:\/\/www.europesays.com\/de\/wp-json\/wp\/v2\/posts\/544828","targetHints":{"allow":["GET"]}}],"collection":[{"href":"https:\/\/www.europesays.com\/de\/wp-json\/wp\/v2\/posts"}],"about":[{"href":"https:\/\/www.europesays.com\/de\/wp-json\/wp\/v2\/types\/post"}],"author":[{"embeddable":true,"href":"https:\/\/www.europesays.com\/de\/wp-json\/wp\/v2\/users\/2"}],"replies":[{"embeddable":true,"href":"https:\/\/www.europesays.com\/de\/wp-json\/wp\/v2\/comments?post=544828"}],"version-history":[{"count":0,"href":"https:\/\/www.europesays.com\/de\/wp-json\/wp\/v2\/posts\/544828\/revisions"}],"wp:featuredmedia":[{"embeddable":true,"href":"https:\/\/www.europesays.com\/de\/wp-json\/wp\/v2\/media\/544829"}],"wp:attachment":[{"href":"https:\/\/www.europesays.com\/de\/wp-json\/wp\/v2\/media?parent=544828"}],"wp:term":[{"taxonomy":"category","embeddable":true,"href":"https:\/\/www.europesays.com\/de\/wp-json\/wp\/v2\/categories?post=544828"},{"taxonomy":"post_tag","embeddable":true,"href":"https:\/\/www.europesays.com\/de\/wp-json\/wp\/v2\/tags?post=544828"}],"curies":[{"name":"wp","href":"https:\/\/api.w.org\/{rel}","templated":true}]}}