{"id":544881,"date":"2025-11-02T08:48:13","date_gmt":"2025-11-02T08:48:13","guid":{"rendered":"https:\/\/www.europesays.com\/de\/544881\/"},"modified":"2025-11-02T08:48:13","modified_gmt":"2025-11-02T08:48:13","slug":"drama-sieg-mit-den-whitecaps-naechste-gala-thomas-mueller-mutiert-zum-mls-giganten","status":"publish","type":"post","link":"https:\/\/www.europesays.com\/de\/544881\/","title":{"rendered":"Drama-Sieg mit den Whitecaps: N\u00e4chste Gala: Thomas M\u00fcller mutiert zum MLS-Giganten"},"content":{"rendered":"<p>                    Drama-Sieg mit den Whitecaps<br \/>\n                N\u00e4chste Gala: Thomas M\u00fcller mutiert zum MLS-Giganten<\/p>\n<p>\t\t\t\t              02.11.2025, 07:14 Uhr<\/p>\n<p><strong>Thomas M\u00fcllers erste Playoff-Reise mit den Vancouver Whitecaps geht weiter. Das Team setzt sich in Dallas im Elfmeterschie\u00dfen durch. Und die deutsche Fu\u00dfball-Ikone spielt dabei eine tragende Rolle. Lionel Messi muss mit Inter Miami dagegen nachsitzen.<\/strong><\/p>\n<p>Thomas M\u00fcller hat mit den Vancouver Whitecaps das Viertelfinale der MLS-Playoffs erreicht. Vancouver setzte sich beim FC Dallas mit 5:3 (1:1, 0:1) nach Elfmeterschie\u00dfen durch und gewann somit das f\u00fcr das Weiterkommen n\u00f6tige zweite Erstrunden-Duell. M\u00fcller war am sp\u00e4ten Whitecaps-Ausgleich in der Nachspielzeit beteiligt und verwandelte den ersten Elfmeter Vancouvers.<\/p>\n<p>Zuvor hatte Torj\u00e4ger Petar Musa Dallas in F\u00fchrung gebracht (25.). Erst in der Nachspielzeit glich Ralph Priso-Mbongue nach einer Ecke aus (90.+3), bei der sich M\u00fcller im Zentrum durchsetzte und auf Priso-Mbongue weiterleitete. Der traf im zweiten Versuch. Im Elfmeterschie\u00dfen behielten dann alle Whitecaps-Sch\u00fctzen die Nerven, w\u00e4hrend Patrickson Delgado und Nolan Norris bei Dallas verschossen. Vancouver trifft nun auf den Sieger des Duells zwischen Los Angeles FC und Austin FC (1:0). <\/p>\n<p>&#8222;Es war ein harter Kampf. Besonders in der ersten Halbzeit hat Dallas es uns schwergemacht&#8220;, sagte M\u00fcller. &#8222;Sowohl auf physischer als auch auf mentaler Ebene sind wir ein starkes Team. Jetzt m\u00fcssen wir uns erholen und uns auf das n\u00e4chste Spiel fokussieren&#8220;, blickte der 36-J\u00e4hrige voraus.<\/p>\n<p>Messi und Inter Miami m\u00fcssen in Spiel drei<\/p>\n<p>In ein Entscheidungsspiel muss Inter Miami rund um Lionel Messi. Das Team unterlag beim Nashville SC verdient mit 1:2 (0:2). Sam Surridge (9., Foulelfmeter) und Josh Bauer (45.) brachten das Team von Hany Mukthar in F\u00fchrung, Messis Anschlusstreffer kurz vor Schluss kam zu sp\u00e4t (89.). Das dritte Spiel der Serie wird wieder in Miami stattfinden, wo Inter im ersten Spiel mit 3:1 gewonnen hatte.<\/p>\n<p>Als einzige Mannschaft neben Vancouver bereits weiter sind die Philadelphia Union mit Kai Wagner. Das beste Team der Hauptrunde setzte sich nach einem Heimsieg im Elfmeterschie\u00dfen im zweiten Duell beim Chicago Fire FC klar mit 3:0 (3:0) durch.<\/p>\n","protected":false},"excerpt":{"rendered":"Drama-Sieg mit den Whitecaps N\u00e4chste Gala: Thomas M\u00fcller mutiert zum MLS-Giganten 02.11.2025, 07:14 Uhr Thomas M\u00fcllers erste Playoff-Reise&hellip;\n","protected":false},"author":2,"featured_media":544882,"comment_status":"","ping_status":"","sticky":false,"template":"","format":"standard","meta":{"footnotes":""},"categories":[5],"tags":[331,332,3364,29,347,30,13,19326,14,15,12,3197],"class_list":{"0":"post-544881","1":"post","2":"type-post","3":"status-publish","4":"format-standard","5":"has-post-thumbnail","7":"category-nachrichten","8":"tag-aktuelle-nachrichten","9":"tag-aktuelle-news","10":"tag-de","11":"tag-deutschland","12":"tag-fussball","13":"tag-germany","14":"tag-headlines","15":"tag-major-league-soccer","16":"tag-nachrichten","17":"tag-news","18":"tag-schlagzeilen","19":"tag-thomas-mueller"},"share_on_mastodon":{"url":"https:\/\/pubeurope.com\/@de\/115479242776998139","error":""},"_links":{"self":[{"href":"https:\/\/www.europesays.com\/de\/wp-json\/wp\/v2\/posts\/544881","targetHints":{"allow":["GET"]}}],"collection":[{"href":"https:\/\/www.europesays.com\/de\/wp-json\/wp\/v2\/posts"}],"about":[{"href":"https:\/\/www.europesays.com\/de\/wp-json\/wp\/v2\/types\/post"}],"author":[{"embeddable":true,"href":"https:\/\/www.europesays.com\/de\/wp-json\/wp\/v2\/users\/2"}],"replies":[{"embeddable":true,"href":"https:\/\/www.europesays.com\/de\/wp-json\/wp\/v2\/comments?post=544881"}],"version-history":[{"count":0,"href":"https:\/\/www.europesays.com\/de\/wp-json\/wp\/v2\/posts\/544881\/revisions"}],"wp:featuredmedia":[{"embeddable":true,"href":"https:\/\/www.europesays.com\/de\/wp-json\/wp\/v2\/media\/544882"}],"wp:attachment":[{"href":"https:\/\/www.europesays.com\/de\/wp-json\/wp\/v2\/media?parent=544881"}],"wp:term":[{"taxonomy":"category","embeddable":true,"href":"https:\/\/www.europesays.com\/de\/wp-json\/wp\/v2\/categories?post=544881"},{"taxonomy":"post_tag","embeddable":true,"href":"https:\/\/www.europesays.com\/de\/wp-json\/wp\/v2\/tags?post=544881"}],"curies":[{"name":"wp","href":"https:\/\/api.w.org\/{rel}","templated":true}]}}