{"id":544981,"date":"2025-11-02T09:48:18","date_gmt":"2025-11-02T09:48:18","guid":{"rendered":"https:\/\/www.europesays.com\/de\/544981\/"},"modified":"2025-11-02T09:48:18","modified_gmt":"2025-11-02T09:48:18","slug":"sachsen-kulturhauptstadt-finale-mit-bergparade-lichtkunst-und-tanz","status":"publish","type":"post","link":"https:\/\/www.europesays.com\/de\/544981\/","title":{"rendered":"Sachsen: Kulturhauptstadt-Finale mit Bergparade, Lichtkunst und Tanz"},"content":{"rendered":"<p>                    Sachsen<br \/>\n                Kulturhauptstadt-Finale mit Bergparade, Lichtkunst und Tanz<\/p>\n<p>\t\t\t\t              02.11.2025, 10:13 Uhr<\/p>\n<p><strong>Das Chemnitzer Kulturhauptstadtprogramm biegt auf die Zielgerade ein. Das erwartet die Besucher im November und zum Finale am Monatsende.<\/strong><\/p>\n<p>Chemnitz (dpa\/sn) &#8211; Zum Abschluss des Kulturhauptstadtjahres in Chemnitz wird es Ende des Monats folkloristisch. Bei einer gro\u00dfen Bergparade ziehen am 29. November rund 1.000 Menschen in traditionellem Habit durch die Stadt, wie der Veranstalter mitteilte. Zudem ist ein gro\u00dfes Weihnachtsliedersingen vor historischer Kulisse auf dem Theaterplatz geplant, bei dem Besucher begleitet von Ch\u00f6ren und Profi-Musikern einstimmen k\u00f6nnen. Unter dem Titel &#8222;Feierabend!&#8220; wird dann am Abend auf einer B\u00fchne auf das Kulturhauptstadtjahr zur\u00fcckgeblickt, bevor DJs die Br\u00fcckenstra\u00dfe zur Tanzfl\u00e4che unter freiem Himmel machen.<\/p>\n<p>Das Jahr als Kulturhauptstadt Europas war Mitte Januar er\u00f6ffnet worden. Seither wurde unter dem Titel &#8222;C the Unseen&#8220; ein breitgef\u00e4chertes Programm aus Konzerten, Ausstellungen, Festivals und Aktionen geboten. Zum Schlussspurt wird nun im November noch einmal nachgelegt.<\/p>\n<p>Lichtkunstwerk von James Turrell kr\u00f6nt &#8222;Purple Path&#8220;<\/p>\n<p>So w\u00e4chst der Kunst- und Skulpturenpfad , der sich von Chemnitz aus durch das Umland schl\u00e4ngelt. Dazu werden weitere Kunstwerke in Limbach-Oberfrohna und Augustusburg eingeweiht. Als kr\u00f6nender Abschluss wird am 28. November ein Lichtkunstwerk des international gefeierten US-K\u00fcnstler James Turrell auf dem einstigen Gel\u00e4nde eines Steinkohlebergwerks in Oelsnitz\/Erzgebirge er\u00f6ffnet. F\u00fcr die Licht-Skulptur &#8222;Ganzfeld &#8211; Beyond Horizons 2025&#8220; wurde eigens eine ehemalige Industriehalle in eine Kunsthalle umgebaut. Besucher k\u00f6nnen das Ganze ab 29. November inspizieren.<\/p>\n<p>In den letzten Wochen des Kulturhauptstadtjahres werden zudem verschiedene Projekte und Aktionen geboten. So will das K\u00fcnstlerkollektiv &#8222;Quarantine&#8220; aus Manchester im Museum Gunzenhauser mit Ausstellung, Performance, Gespr\u00e4ch und kulturellem Austausch Begegnungen \u00fcber Generationen hinweg schaffen. Dazu sind Besucher unter dem Titel &#8222;Moving Boxes&#8220; eingeladen, gebrauchte Umzugskartons ins Museum zu bringen, aus denen dann eine Installation entsteht.<\/p>\n<p>&#8222;Maker-Advent&#8220; lockt mit kreativen Angeboten<\/p>\n<p>Im Zeichen der Mode steht das Festival am 7. und 8. November, bei dem junge Designer und Designerinnen ihre Entw\u00fcrfe pr\u00e4sentieren. Derweil will die K\u00fcnstlerin Luise von Cossart mit der Ausstellung &#8222;Next Gen East x Schichtwechsel&#8220; ab 15. November zeigen, wie junge Menschen in Deutschland, Polen und Tschechien den Wandel nach 1989 erleben. Und beim &#8222;&#8220; k\u00f6nnen Besucher an mehr als 40 Orten in der Region ihre Kreativit\u00e4t ausleben: Adventskr\u00e4nze gestalten, Drucktechniken ausprobieren, drechseln, schnitzen, filzen, kl\u00f6ppeln oder Schmuck designen. Auftakt ist am 24. November, die Angebote gehen bis Ende Dezember.<\/p>\n","protected":false},"excerpt":{"rendered":"Sachsen Kulturhauptstadt-Finale mit Bergparade, Lichtkunst und Tanz 02.11.2025, 10:13 Uhr Das Chemnitzer Kulturhauptstadtprogramm biegt auf die Zielgerade ein.&hellip;\n","protected":false},"author":2,"featured_media":544982,"comment_status":"","ping_status":"","sticky":false,"template":"","format":"standard","meta":{"footnotes":""},"categories":[1851],"tags":[132847,2770,3364,29,548,663,3934,30,13,132846,108987,14,15,859,12,6907],"class_list":{"0":"post-544981","1":"post","2":"type-post","3":"status-publish","4":"format-standard","5":"has-post-thumbnail","7":"category-chemnitz","8":"tag-bergparade","9":"tag-chemnitz","10":"tag-de","11":"tag-deutschland","12":"tag-eu","13":"tag-europa","14":"tag-europe","15":"tag-germany","16":"tag-headlines","17":"tag-kulturhauptstadt-finale","18":"tag-lichtkunst","19":"tag-nachrichten","20":"tag-news","21":"tag-sachsen","22":"tag-schlagzeilen","23":"tag-tanz"},"share_on_mastodon":{"url":"https:\/\/pubeurope.com\/@de\/115479478575858893","error":""},"_links":{"self":[{"href":"https:\/\/www.europesays.com\/de\/wp-json\/wp\/v2\/posts\/544981","targetHints":{"allow":["GET"]}}],"collection":[{"href":"https:\/\/www.europesays.com\/de\/wp-json\/wp\/v2\/posts"}],"about":[{"href":"https:\/\/www.europesays.com\/de\/wp-json\/wp\/v2\/types\/post"}],"author":[{"embeddable":true,"href":"https:\/\/www.europesays.com\/de\/wp-json\/wp\/v2\/users\/2"}],"replies":[{"embeddable":true,"href":"https:\/\/www.europesays.com\/de\/wp-json\/wp\/v2\/comments?post=544981"}],"version-history":[{"count":0,"href":"https:\/\/www.europesays.com\/de\/wp-json\/wp\/v2\/posts\/544981\/revisions"}],"wp:featuredmedia":[{"embeddable":true,"href":"https:\/\/www.europesays.com\/de\/wp-json\/wp\/v2\/media\/544982"}],"wp:attachment":[{"href":"https:\/\/www.europesays.com\/de\/wp-json\/wp\/v2\/media?parent=544981"}],"wp:term":[{"taxonomy":"category","embeddable":true,"href":"https:\/\/www.europesays.com\/de\/wp-json\/wp\/v2\/categories?post=544981"},{"taxonomy":"post_tag","embeddable":true,"href":"https:\/\/www.europesays.com\/de\/wp-json\/wp\/v2\/tags?post=544981"}],"curies":[{"name":"wp","href":"https:\/\/api.w.org\/{rel}","templated":true}]}}