{"id":5450,"date":"2025-04-03T16:30:16","date_gmt":"2025-04-03T16:30:16","guid":{"rendered":"https:\/\/www.europesays.com\/de\/5450\/"},"modified":"2025-04-03T16:30:16","modified_gmt":"2025-04-03T16:30:16","slug":"spektakel-beendet-durststrecke-fuechse-berlin-bezahlen-cl-viertelfinale-doppelt","status":"publish","type":"post","link":"https:\/\/www.europesays.com\/de\/5450\/","title":{"rendered":"Spektakel beendet Durststrecke: F\u00fcchse Berlin bezahlen CL-Viertelfinale doppelt"},"content":{"rendered":"<p>                    Spektakel beendet Durststrecke<br \/>\n                F\u00fcchse Berlin bezahlen CL-Viertelfinale doppelt<\/p>\n<p>\t\t\t\t              02.04.2025, 21:58 Uhr<\/p>\n<p><strong>Die F\u00fcchse Berlin stehen im Viertelfinale der Champions League. Dank eines \u00fcberragenden Welthandballers Mathias Gidsel erreicht das Team erstmals seit 13 Jahren wieder die Runde der besten Acht. Auf dem Weg dahin verlieren sie zwei Spieler.<\/strong><\/p>\n<p>Die F\u00fcchse Berlin haben erstmals seit 13 Jahren das Viertelfinale der Champions League erreicht. Dem Vizemeister um den \u00fcberragenden Welthandballer Mathias Gidsel gen\u00fcgte in einem Offensivspektakel gegen Industria Kielce ein 37:37 (21:24), um sich dank des souver\u00e4nen Vorsprungs aus dem Hinspiel (33:27) durchzusetzen.<\/p>\n<p>Die Partie sei so intensiv &#8222;wie ein olympisches Finale&#8220; gewesen, sagte Gidsel abgek\u00e4mpft: &#8222;Unglaublich intensiv, viele harte Zweik\u00e4mpfe, viele zweimin\u00fctige Unterbrechungen, eine unglaubliche Atmosph\u00e4re. Es war eines der h\u00e4rtesten Spiele \u00fcberhaupt.&#8220;<\/p>\n<p>Im Kampf um die Teilnahme am Final Four in K\u00f6ln (14.\/15. Juni) wartet Ende des Monats nun das d\u00e4nische Starensemble von Aalborg HB auf die Mannschaft von Trainer Jaron Siewert. Auch der SC Magdeburg k\u00e4mpft am Abend (20.45 Uhr\/Dyn und DAZN) noch um die Teilnahme an der Runde der letzten acht, durch das 30:26 im Hinspiel gegen Dinamo Bukarest hat der deutsche Meister sich eine gute Ausgangslage erarbeitet.<\/p>\n<p>F\u00fcr Berlin erzielte der gl\u00e4nzende Gidsel (12 Tore) am Abend in der Max-Schmeling-Halle die meisten Tore, allein im ersten Abschnitt hatte der d\u00e4nische Weltmeister mit zehn W\u00fcrfen bereits zehn Treffer erzielt. Auch Nationalspieler Nils Lichtlein zeigte eine starke Leistung. Dennoch halbierte sich das Sechs-Punkte-Polster aus dem Hinspiel beim 18:21 (27.) erstmals. In der Crunchtime kamen die Polen noch einmal auf vier Tore (31:35\/54.) davon, die Gastgeber behielten aber die Nerven. Augenzeugen sahen &#8222;ein krasses Spiel&#8220;, das dank der vielen mitgereisten polnischen Fans auch auf den Trib\u00fcnen umk\u00e4mpft war.<\/p>\n<p>Die F\u00fcchse mussten w\u00e4hrend der Partie die Ausf\u00e4lle von Ex-Nationalspieler Fabian Wiede, der sich bei einer Abwehraktion am R\u00fccken verletzte, und DHB-Profi Tim Freih\u00f6fer verkraften. Der Linksau\u00dfen erlitt eine Blessur am Kn\u00f6chel und konnte ebenfalls bereits in der ersten H\u00e4lfte nicht weiterspielen. Die F\u00fcchse spielen ihre erste K\u00f6nigsklassen-Saison seit 2012\/13. Das beste Ergebnis verbuchte der Hauptstadt-Klub 2012, bei der bis dato einzigen Final-Four-Teilnahme schieden die Berliner im Halbfinale aus.<\/p>\n","protected":false},"excerpt":{"rendered":"Spektakel beendet Durststrecke F\u00fcchse Berlin bezahlen CL-Viertelfinale doppelt 02.04.2025, 21:58 Uhr Die F\u00fcchse Berlin stehen im Viertelfinale der&hellip;\n","protected":false},"author":2,"featured_media":5451,"comment_status":"","ping_status":"","sticky":false,"template":"","format":"standard","meta":{"footnotes":""},"categories":[1825],"tags":[296,468,29,30,1391,265],"class_list":{"0":"post-5450","1":"post","2":"type-post","3":"status-publish","4":"format-standard","5":"has-post-thumbnail","7":"category-berlin","8":"tag-berlin","9":"tag-champions-league","10":"tag-deutschland","11":"tag-germany","12":"tag-handball","13":"tag-sport"},"share_on_mastodon":{"url":"https:\/\/pubeurope.com\/@de\/114274987382716193","error":""},"_links":{"self":[{"href":"https:\/\/www.europesays.com\/de\/wp-json\/wp\/v2\/posts\/5450","targetHints":{"allow":["GET"]}}],"collection":[{"href":"https:\/\/www.europesays.com\/de\/wp-json\/wp\/v2\/posts"}],"about":[{"href":"https:\/\/www.europesays.com\/de\/wp-json\/wp\/v2\/types\/post"}],"author":[{"embeddable":true,"href":"https:\/\/www.europesays.com\/de\/wp-json\/wp\/v2\/users\/2"}],"replies":[{"embeddable":true,"href":"https:\/\/www.europesays.com\/de\/wp-json\/wp\/v2\/comments?post=5450"}],"version-history":[{"count":0,"href":"https:\/\/www.europesays.com\/de\/wp-json\/wp\/v2\/posts\/5450\/revisions"}],"wp:featuredmedia":[{"embeddable":true,"href":"https:\/\/www.europesays.com\/de\/wp-json\/wp\/v2\/media\/5451"}],"wp:attachment":[{"href":"https:\/\/www.europesays.com\/de\/wp-json\/wp\/v2\/media?parent=5450"}],"wp:term":[{"taxonomy":"category","embeddable":true,"href":"https:\/\/www.europesays.com\/de\/wp-json\/wp\/v2\/categories?post=5450"},{"taxonomy":"post_tag","embeddable":true,"href":"https:\/\/www.europesays.com\/de\/wp-json\/wp\/v2\/tags?post=5450"}],"curies":[{"name":"wp","href":"https:\/\/api.w.org\/{rel}","templated":true}]}}