{"id":545030,"date":"2025-11-02T10:20:13","date_gmt":"2025-11-02T10:20:13","guid":{"rendered":"https:\/\/www.europesays.com\/de\/545030\/"},"modified":"2025-11-02T10:20:13","modified_gmt":"2025-11-02T10:20:13","slug":"duisburg-toccata-konzert-mit-simon-johnson","status":"publish","type":"post","link":"https:\/\/www.europesays.com\/de\/545030\/","title":{"rendered":"Duisburg: Toccata-Konzert mit Simon Johnson"},"content":{"rendered":"<p class=\"text_ohne_einzug richtext text-em-55 !leading-serif mx-6 desktop:mx-0\">  Vor vier Jahren wurde Simon Johnson Musikchef an der katholischen Londoner Domkirche Westminster Cathedral (nicht zu verwechseln mit der anglikanischen Westminster Abbey). Zuvor war er Organist an der St Paul\u2019s Cathedral, wo er bei einigen royalen Anl\u00e4ssen mitwirkte, etwa beim diamantenen Thronjubil\u00e4um von K\u00f6nigin Elisabeth II. und den Feierlichkeiten zu ihrem 90. Geburtstag. Very British und majest\u00e4tisch klingt auch die Eule-Orgel in der Philharmonie Mercatorhalle, die mit ihren vier Manualen und 72 Registern den sp\u00e4tromantischen englischen Townhall-Orgeln nachempfunden ist. Da wurde es Zeit, dass Simon Johnson einmal hier konzertierte.<\/p>\n","protected":false},"excerpt":{"rendered":"Vor vier Jahren wurde Simon Johnson Musikchef an der katholischen Londoner Domkirche Westminster Cathedral (nicht zu verwechseln mit&hellip;\n","protected":false},"author":2,"featured_media":545031,"comment_status":"","ping_status":"","sticky":false,"template":"","format":"standard","meta":{"footnotes":""},"categories":[1838],"tags":[132856,132855,121647,19701,132858,3364,29,3715,30,106503,13098,43791,1209,96885,46592,132857,96887,132854,27898,77355],"class_list":{"0":"post-545030","1":"post","2":"type-post","3":"status-publish","4":"format-standard","5":"has-post-thumbnail","7":"category-duisburg","8":"tag-abbey","9":"tag-anglikanischen","10":"tag-cathedral","11":"tag-chor","12":"tag-choralvorspiel","13":"tag-de","14":"tag-deutschland","15":"tag-duisburg","16":"tag-germany","17":"tag-laienchor","18":"tag-mendelssohn","19":"tag-moll","20":"tag-nordrhein-westfalen","21":"tag-organist","22":"tag-orgel","23":"tag-orgelsymphonie","24":"tag-orgelwerke","25":"tag-simon-johnson","26":"tag-werke","27":"tag-westminster"},"share_on_mastodon":{"url":"https:\/\/pubeurope.com\/@de\/115479604551752492","error":""},"_links":{"self":[{"href":"https:\/\/www.europesays.com\/de\/wp-json\/wp\/v2\/posts\/545030","targetHints":{"allow":["GET"]}}],"collection":[{"href":"https:\/\/www.europesays.com\/de\/wp-json\/wp\/v2\/posts"}],"about":[{"href":"https:\/\/www.europesays.com\/de\/wp-json\/wp\/v2\/types\/post"}],"author":[{"embeddable":true,"href":"https:\/\/www.europesays.com\/de\/wp-json\/wp\/v2\/users\/2"}],"replies":[{"embeddable":true,"href":"https:\/\/www.europesays.com\/de\/wp-json\/wp\/v2\/comments?post=545030"}],"version-history":[{"count":0,"href":"https:\/\/www.europesays.com\/de\/wp-json\/wp\/v2\/posts\/545030\/revisions"}],"wp:featuredmedia":[{"embeddable":true,"href":"https:\/\/www.europesays.com\/de\/wp-json\/wp\/v2\/media\/545031"}],"wp:attachment":[{"href":"https:\/\/www.europesays.com\/de\/wp-json\/wp\/v2\/media?parent=545030"}],"wp:term":[{"taxonomy":"category","embeddable":true,"href":"https:\/\/www.europesays.com\/de\/wp-json\/wp\/v2\/categories?post=545030"},{"taxonomy":"post_tag","embeddable":true,"href":"https:\/\/www.europesays.com\/de\/wp-json\/wp\/v2\/tags?post=545030"}],"curies":[{"name":"wp","href":"https:\/\/api.w.org\/{rel}","templated":true}]}}