{"id":545034,"date":"2025-11-02T10:22:12","date_gmt":"2025-11-02T10:22:12","guid":{"rendered":"https:\/\/www.europesays.com\/de\/545034\/"},"modified":"2025-11-02T10:22:12","modified_gmt":"2025-11-02T10:22:12","slug":"pol-mfr-1028-streitigkeit-vor-nuernberger-diskothek-mann-schoss-kontrahenten-mit","status":"publish","type":"post","link":"https:\/\/www.europesays.com\/de\/545034\/","title":{"rendered":"POL-MFR: (1028) Streitigkeit vor N\u00fcrnberger Diskothek &#8211; Mann schoss Kontrahenten mit &#8230;"},"content":{"rendered":"<p class=\"date\">02.11.2025 \u2013 11:05<\/p>\n<p class=\"customer\">\n                        <a class=\"story-customer\" title=\"weiter zum newsroom von Polizeipr\u00e4sidium Mittelfranken\" href=\"https:\/\/www.presseportal.de\/blaulicht\/nr\/6013\" target=\"_blank\" rel=\"noopener\">Polizeipr\u00e4sidium Mittelfranken<\/a>\n                    <\/p>\n<p><a data-category=\"citylink-story-view\" data-action=\"click\" data-label=\"Citylink in Meldungsansicht\" class=\"story-city event-trigger\" href=\"https:\/\/www.presseportal.de\/regional\/N%FCrnberg\" title=\"News aus N\u00fcrnberg \" target=\"_blank\" rel=\"noopener\">N\u00fcrnberg<\/a> (ots)<\/p>\n<p>In der Nacht von Freitag (31.10.2025) auf Samstag (01.11.2025) kam es vor einem Club im Stadtteil Glei\u00dfb\u00fchl zu einer Auseinandersetzung zwischen zwei Personen. In deren Verlauf schoss ein 22-J\u00e4hriger seinem Gegen\u00fcber mit einer PTB-Pistole ins Gesicht.<\/p>\n<p>Die beiden jungen M\u00e4nner gerieten gegen 02:10 Uhr vor einem Club im Marientorgraben in Streit. Ersten Erkenntnissen zu Folge versuchte der 21-j\u00e4hrige Beteiligte (afghanisch) sein Gegen\u00fcber (22, kosovarisch) zu schlagen. Der 22-J\u00e4hrige konnte Ausweichen, zog einen PTB-Waffe und schoss seinem Kontrahenten aus n\u00e4chster N\u00e4he ins Gesicht. Im Anschluss fl\u00fcchtete er in unbekannte Richtung.<\/p>\n<p>In der PTB-Waffe befand sich eine Reizgaskartusche. Durch die Freisetzung des Reizgas erlitten vier umstehende Personen Verletzungen in Form von Augenreizungen. Sie wurden vor Ort ambulant durch den Rettungsdienst behandelt.<\/p>\n<p>Der 21-J\u00e4hrige wurde mit blutenden Gesichtsverletzungen ins Krankenhaus gebracht. Aus diesem konnte er in der selben Nacht wieder entlassen werden, da gl\u00fccklicherweise keine ernsteren Verletzungen festgestellt wurden.<\/p>\n<p>Beamte sahen sich nach ihrem Eintreffen am Tatort bestehende Videoaufzeichnungen des Clubs an. Hier konnte der Beschuldigte durch einen Polizisten identifiziert werden.<\/p>\n<p>Gegen 03:00 Uhr suchten Polizeikr\u00e4fte den Beschuldigten an seiner N\u00fcrnberger Wohnadresse auf. Nachdem ihm die vorl\u00e4ufige Festnahme erkl\u00e4rt worden war, leistete er Widerstand, woraufhin ihm weitere anwesende Familienmitglieder zu Hilfe kamen.<\/p>\n<p>Letztlich mussten dem Beschuldigten selbst sowie seinem Vater Handfesseln angelegt werden. Beide zogen sich im Rahmen der Festnahme leichte Verletzungen zu.<\/p>\n<p>In der Wohnung fanden die Beamten eine PTB-Waffe, bei welcher es sich um die bei der Tat verwendete handeln d\u00fcrfte. Zudem stellten die Kr\u00e4fte ein verbotenes Faustmesser sicher.<\/p>\n<p>Die abschlie\u00dfenden Ermittlungen wegen gef\u00e4hrlicher K\u00f6rperverletzung und eines Vergehens gegen das Waffengesetz \u00fcbernimmt die Polizeiinspektion N\u00fcrnberg-Mitte.<\/p>\n<p>Erstellt durch: Janine Mendel<\/p>\n<p class=\"contact-headline\">R\u00fcckfragen bitte an:<\/p>\n<p class=\"contact-text\">Polizeipr\u00e4sidium Mittelfranken<br \/>Pr\u00e4sidialb\u00fcro &#8211; Pressestelle<br \/>Richard-Wagner-Platz 1<br \/>D-90443 N\u00fcrnberg<br \/>E-Mail: <a href=\"https:\/\/www.presseportal.de\/blaulicht\/pm\/6013\/mailto: pp-mfr.pressestelle@polizei.bayern.de\" class=\"uri-mailto\" target=\"_blank\" rel=\"noopener\"> pp-mfr.pressestelle@polizei.bayern.de<\/a><\/p>\n<p>Erreichbarkeiten:<br \/>Montag bis Donnerstag<br \/>07:00 bis 16:00 Uhr<br \/>Freitag<br \/>07:00 bis 15:00 Uhr<br \/>Sonntag<br \/>11:00 bis 14:00 Uhr<\/p>\n<p>Telefon: +49 (0)911 2112 1030<\/p>\n<p>Au\u00dferhalb der B\u00fcrozeiten:<\/p>\n<p>Telefon: +49 (0)911 2112 1553<\/p>\n<p>Die Pressestelle des Polizeipr\u00e4sidiums Mittelfranken im Internet:<br \/><a target=\"_blank\" class=\"uri-ext outbound\" rel=\"noopener\" href=\"http:\/\/ots.de\/P4TQ8h\">http:\/\/ots.de\/P4TQ8h<\/a><\/p>\n<p class=\"originator\">Original-Content von: Polizeipr\u00e4sidium Mittelfranken, \u00fcbermittelt durch news aktuell<\/p>\n","protected":false},"excerpt":{"rendered":"02.11.2025 \u2013 11:05 Polizeipr\u00e4sidium Mittelfranken N\u00fcrnberg (ots) In der Nacht von Freitag (31.10.2025) auf Samstag (01.11.2025) kam es&hellip;\n","protected":false},"author":2,"featured_media":386213,"comment_status":"","ping_status":"","sticky":false,"template":"","format":"standard","meta":{"footnotes":""},"categories":[1837],"tags":[772,2918,3364,29,30,177,3783,121,178,180,179,181],"class_list":{"0":"post-545034","1":"post","2":"type-post","3":"status-publish","4":"format-standard","5":"has-post-thumbnail","7":"category-nuernberg","8":"tag-bayern","9":"tag-by","10":"tag-de","11":"tag-deutschland","12":"tag-germany","13":"tag-kriminalitt","14":"tag-nuernberg","15":"tag-polizei","16":"tag-presse","17":"tag-pressemeldung","18":"tag-pressemitteilung","19":"tag-pressemitteilungen"},"share_on_mastodon":{"url":"https:\/\/pubeurope.com\/@de\/115479612459169240","error":""},"_links":{"self":[{"href":"https:\/\/www.europesays.com\/de\/wp-json\/wp\/v2\/posts\/545034","targetHints":{"allow":["GET"]}}],"collection":[{"href":"https:\/\/www.europesays.com\/de\/wp-json\/wp\/v2\/posts"}],"about":[{"href":"https:\/\/www.europesays.com\/de\/wp-json\/wp\/v2\/types\/post"}],"author":[{"embeddable":true,"href":"https:\/\/www.europesays.com\/de\/wp-json\/wp\/v2\/users\/2"}],"replies":[{"embeddable":true,"href":"https:\/\/www.europesays.com\/de\/wp-json\/wp\/v2\/comments?post=545034"}],"version-history":[{"count":0,"href":"https:\/\/www.europesays.com\/de\/wp-json\/wp\/v2\/posts\/545034\/revisions"}],"wp:featuredmedia":[{"embeddable":true,"href":"https:\/\/www.europesays.com\/de\/wp-json\/wp\/v2\/media\/386213"}],"wp:attachment":[{"href":"https:\/\/www.europesays.com\/de\/wp-json\/wp\/v2\/media?parent=545034"}],"wp:term":[{"taxonomy":"category","embeddable":true,"href":"https:\/\/www.europesays.com\/de\/wp-json\/wp\/v2\/categories?post=545034"},{"taxonomy":"post_tag","embeddable":true,"href":"https:\/\/www.europesays.com\/de\/wp-json\/wp\/v2\/tags?post=545034"}],"curies":[{"name":"wp","href":"https:\/\/api.w.org\/{rel}","templated":true}]}}