{"id":545039,"date":"2025-11-02T10:28:32","date_gmt":"2025-11-02T10:28:32","guid":{"rendered":"https:\/\/www.europesays.com\/de\/545039\/"},"modified":"2025-11-02T10:28:32","modified_gmt":"2025-11-02T10:28:32","slug":"mehr-rumms-fuer-den-drohnen-akku","status":"publish","type":"post","link":"https:\/\/www.europesays.com\/de\/545039\/","title":{"rendered":"Mehr Rumms f\u00fcr den Drohnen-Akku"},"content":{"rendered":"<p>\t\t<a href=\"https:\/\/www.europesays.com\/de\/wp-content\/uploads\/2025\/11\/25-13-PI-Fraunhofer-IWS-30000-Batterie-Zukunft-Picture-02.jpg\"><img fetchpriority=\"high\" decoding=\"async\" aria-describedby=\"caption-attachment-195616\" data-attachment-id=\"195616\" data-permalink=\"https:\/\/oiger.de\/2025\/11\/02\/mehr-rumms-fuer-den-drohnen-akku\/195614\/25-13-pi-fraunhofer-iws-30000-batterie-zukunft-picture-02\" data-orig-file=\"https:\/\/www.europesays.com\/de\/wp-content\/uploads\/2025\/11\/25-13-PI-Fraunhofer-IWS-30000-Batterie-Zukunft-Picture-02.jpg\" data-orig-size=\"1000,667\" data-comments-opened=\"0\" data-image-meta=\"{&quot;aperture&quot;:&quot;0&quot;,&quot;credit&quot;:&quot;&quot;,&quot;camera&quot;:&quot;&quot;,&quot;caption&quot;:&quot;&quot;,&quot;created_timestamp&quot;:&quot;0&quot;,&quot;copyright&quot;:&quot;&quot;,&quot;focal_length&quot;:&quot;0&quot;,&quot;iso&quot;:&quot;0&quot;,&quot;shutter_speed&quot;:&quot;0&quot;,&quot;title&quot;:&quot;&quot;,&quot;orientation&quot;:&quot;0&quot;}\" data-image-title=\"25-13-PI-Fraunhofer-IWS-30000-Batterie-Zukunft-Picture-02\" data-image-description=\"&lt;p&gt;Lithium-Schwefel-Zellen mit Festk\u00f6rperelektrolyten. Visualisierung: KI-Bild, Fraunhofer-IWS&lt;\/p&gt;&#10;\" data-image-caption=\"&lt;p&gt;Lithium-Schwefel-Zellen mit Festk\u00f6rperelektrolyten. Visualisierung: KI-Bild, Fraunhofer-IWS&lt;\/p&gt;&#10;\" data-medium-file=\"https:\/\/oiger.de\/wp-content\/uploads\/25-13-PI-Fraunhofer-IWS-30000-Batterie-Zukunft-Picture-02-300x200.jpg\" data-large-file=\"https:\/\/oiger.de\/wp-content\/uploads\/25-13-PI-Fraunhofer-IWS-30000-Batterie-Zukunft-Picture-02-600x400.jpg\" class=\"size-full wp-image-195616\" src=\"https:\/\/www.europesays.com\/de\/wp-content\/uploads\/2025\/11\/25-13-PI-Fraunhofer-IWS-30000-Batterie-Zukunft-Picture-02.jpg\" alt=\"Lithium-Schwefel-Zellen mit Festk\u00f6rperelektrolyten. Visualisierung: KI-Bild, Fraunhofer-IWS\" width=\"1000\" height=\"667\"  \/><\/a><\/p>\n<p id=\"caption-attachment-195616\" class=\"wp-caption-text\">Lithium-Schwefel-Zellen mit Festk\u00f6rperelektrolyten. Visualisierung: KI-Bild, Fraunhofer-IWS<\/p>\n<p>Fraunhofer Dresden entwickelt mit Partnern feste Schwefel-Akkumulatoren<\/p>\n<p><strong>Dresden<\/strong>, 2. November 2025. Damit Drohnen, mobile Energiespeicher und Elektroflugzeuge mehr Reichweite bekommen, entwickelt Fraunhofer Dresden gemeinsam mit internationalen Partnern an praxistauglichen Festk\u00f6rper-Akkus auf Lithium-Schwefel-Basis. Die Zellen Energiedichten bis zu 550 Wattstunden pro Kilogramm erreichen und feuerfest sein. Das hat das federf\u00fchrende <a href=\"https:\/\/www.iws.fraunhofer.de\/de\/newsundmedien\/presseinformationen\/2025\/presseinformation_2025-13_Batterie-Zukunft.html?utm_campaign=PM-2025-13_Batterie-Zukunft-DE-MW\" target=\"_blank\" rel=\"noopener\">Fraunhofer-Institut f\u00fcr Werkstoff- und Strahltechnik<\/a> (IWS) in Dresden mitgeteilt. \u201eZiel ist eine Festk\u00f6rper-Lithium-Schwefel-Zelle, die bei vergleichbarem Energieinhalt deutlich leichter ausf\u00e4llt als bisherige Batterien\u201c, hei\u00dft es aus dem Institut.<\/p>\n<p>Verzicht auf fl\u00fcssige Elektrolyten soll Energiespeicher langlebiger machen<\/p>\n<p>Hintergrund: Lithium-Schwefel-Akkus kommen im Labor zwar auf h\u00f6here Energiedichten als klassische Lihium-Ionen-Akkus, <a href=\"https:\/\/de.wikipedia.org\/wiki\/Lithium-Schwefel-Akkumulator\" target=\"_blank\" rel=\"noopener\">altern aber zu schnell<\/a>. Daher verfolgen die Sachsen ein Alternativkonzept: Sie wandeln Schwefel direkt in festes Lithiumsulfid um. Damit bauen sie feste Zellen ohne fl\u00fcssige Elektrolyten. \u201eErste Laborergebnisse deuten darauf hin, dass mit dieser Architektur in Zukunft eine spezifische Energiedichte von \u00fcber 600 Wattstunden pro Kilogramm bei stabilen Zykleneigenschaften technisch erreichbar ist\u201c, betonen die Forscher. \u201eDamit w\u00fcrden die Zellen mehr als doppelt so viel Energie pro Kilogramm speichern als die etablierten Lithium-Ionen-Batterien.\u201c<\/p>\n<p><a href=\"https:\/\/www.europesays.com\/de\/wp-content\/uploads\/2025\/11\/Batterielektroden-IWS-Dresden-DRYtraec-01.jpg\"><img loading=\"lazy\" decoding=\"async\" aria-describedby=\"caption-attachment-180432\" data-attachment-id=\"180432\" data-permalink=\"https:\/\/oiger.de\/2021\/09\/01\/weniger-stromfresser-in-der-autoakku-fabrik\/180431\/batterielektroden-iws-dresden-drytraec-01\" data-orig-file=\"https:\/\/www.europesays.com\/de\/wp-content\/uploads\/2025\/11\/Batterielektroden-IWS-Dresden-DRYtraec-01.jpg\" data-orig-size=\"1000,667\" data-comments-opened=\"0\" data-image-meta=\"{&quot;aperture&quot;:&quot;0&quot;,&quot;credit&quot;:&quot;&quot;,&quot;camera&quot;:&quot;&quot;,&quot;caption&quot;:&quot;&quot;,&quot;created_timestamp&quot;:&quot;0&quot;,&quot;copyright&quot;:&quot;&quot;,&quot;focal_length&quot;:&quot;0&quot;,&quot;iso&quot;:&quot;0&quot;,&quot;shutter_speed&quot;:&quot;0&quot;,&quot;title&quot;:&quot;&quot;,&quot;orientation&quot;:&quot;0&quot;}\" data-image-title=\"Batterielektroden-IWS-Dresden-DRYtraec-01\" data-image-description=\"&lt;p&gt;Ein Fraunhofer-Mitarbeiter gibt das Elektroden-Pulver in den Kalander-Walzenspalt an dert Prototypen-Anlage. Foto: Fraunhofer IWS Dresden&lt;\/p&gt;&#10;\" data-image-caption=\"&lt;p&gt;Ein Fraunhofer-Mitarbeiter gibt das Elektroden-Pulver in den Kalander-Walzenspalt an dert Prototypen-Anlage. Foto: Fraunhofer IWS Dresden&lt;\/p&gt;&#10;\" data-medium-file=\"https:\/\/oiger.de\/wp-content\/uploads\/Batterielektroden-IWS-Dresden-DRYtraec-01-300x200.jpg\" data-large-file=\"https:\/\/oiger.de\/wp-content\/uploads\/Batterielektroden-IWS-Dresden-DRYtraec-01-600x400.jpg\" class=\"wp-image-180432 size-full\" src=\"https:\/\/www.europesays.com\/de\/wp-content\/uploads\/2025\/11\/Batterielektroden-IWS-Dresden-DRYtraec-01.jpg\" alt=\"Ein Fraunhofer-Mitarbeiter gibt das Elektroden-Pulver in den Kalander-Walzenspalt an einer Prototypen-Anlage. Foto: Fraunhofer IWS Dresden\" width=\"1000\" height=\"667\"  \/><\/a><\/p>\n<p id=\"caption-attachment-180432\" class=\"wp-caption-text\">Ein Fraunhofer-Mitarbeiter gibt Elektroden-Pulver in den Kalander-Walzenspalt an einer Drytraec-Prototypen-Anlage. Foto: Fraunhofer IWS Dresden<\/p>\n<p>Drytraec: Trockenbeschichtung senkt Energiebedarf f\u00fcr Akku-Produktion<\/p>\n<p>Um die Produktionskosten unter 75 Euro pro Kilowattstunde Produktionskosten zu dr\u00fccken, setzen die IWS-Ingenieure um Dr. Holger Althues unter anderem auf das selbst entwickelte Drytraec-Verfahren. Denn anders als bei den gro\u00dfen Akku-Herstellern in China, die in ihren Fabriken mit preiswertem heimischen Strom gro\u00dfe Trocknungsstrecken verwenden und deshalb Nassbeschichtungen f\u00fcr die Elektroden verwenden k\u00f6nnen, ist dieses Verfahren in Deutschland wegen der hohen Energiepreise nicht wettbewerbsf\u00e4hig. Daher hatte das IWS im Vorfeld \u201eDrytraec\u201c entwickelt: Die beschichten die Elektroden der Akkus trocken und l\u00f6sungsmittelfrei und pressen diese Schichten dann fest an die Elektroden. Dadurch f\u00e4llt der energiefressende Trockungsschritt weg. \u201eDer Prozess senkt den Energiebedarf um bis zu 30 Prozent, reduziert CO2-Emissionen deutlich und l\u00e4sst sich im Rolle-zu-Rolle-Verfahren auf industrielle Breiten skalieren\u201c, versprechen die IWS-Forscher.<\/p>\n<p><a href=\"https:\/\/www.europesays.com\/de\/wp-content\/uploads\/2025\/11\/25-13-PI-Fraunhofer-IWS-30000-Batterie-Zukunft-Picture-01.jpg\"><img loading=\"lazy\" decoding=\"async\" aria-describedby=\"caption-attachment-195617\" data-attachment-id=\"195617\" data-permalink=\"https:\/\/oiger.de\/2025\/11\/02\/mehr-rumms-fuer-den-drohnen-akku\/195614\/batterie-der-zukunft-am-fraunhofer-iws-entstehen-neue-lithium-schwefel-zellkonzepte-mit-reduziertem-elektrolytanteil-tests-im-labor-sollen-den-weg-zu-leichteren-energieeffizienten-und-sicheren-fest\" data-orig-file=\"https:\/\/www.europesays.com\/de\/wp-content\/uploads\/2025\/11\/25-13-PI-Fraunhofer-IWS-30000-Batterie-Zukunft-Picture-01.jpg\" data-orig-size=\"1000,667\" data-comments-opened=\"0\" data-image-meta=\"{&quot;aperture&quot;:&quot;2.8&quot;,&quot;credit&quot;:&quot;&quot;,&quot;camera&quot;:&quot;NIKON Z 9&quot;,&quot;caption&quot;:&quot;Batterie der Zukunft: Am Fraunhofer IWS entstehen neue Lithium-Schwefel-Zellkonzepte mit reduziertem Elektrolytanteil. Tests im Labor sollen den Weg zu leichteren, energieeffizienten und sicheren Festk\\u00f6rperbatterien ebnen.&quot;,&quot;created_timestamp&quot;:&quot;0&quot;,&quot;copyright&quot;:&quot;&quot;,&quot;focal_length&quot;:&quot;14&quot;,&quot;iso&quot;:&quot;2000&quot;,&quot;shutter_speed&quot;:&quot;0.003125&quot;,&quot;title&quot;:&quot;Batterie der Zukunft: Am Fraunhofer IWS entstehen neue Lithium-Schwefel-Zellkonzepte mit reduziertem Elektrolytanteil. Tests im Labor sollen den Weg zu leichteren, energieeffizienten und sicheren Festk\\u00f6rperbatterien ebnen.&quot;,&quot;orientation&quot;:&quot;0&quot;}\" data-image-title=\"Batterie der Zukunft: Am Fraunhofer IWS entstehen neue Lithium-Schwefel-Zellkonzepte mit reduziertem Elektrolytanteil. Tests im Labor sollen den Weg zu leichteren, energieeffizienten und sicheren Festk\u00f6rperbatterien ebnen.\" data-image-description=\"&lt;p&gt;Ein IWS-Forscher testet im Labor Zellkonzepte f\u00fcr Lithium-Schwefel-Akkus-Foto: Martin F\u00f6rste f\u00fcr das Fraunhofer IWS&lt;\/p&gt;&#10;\" data-image-caption=\"&lt;p&gt;Ein IWS-Forscher testet im Labor Zellkonzepte f\u00fcr Lithium-Schwefel-Akkus-Foto: Martin F\u00f6rste f\u00fcr das Fraunhofer IWS&lt;\/p&gt;&#10;\" data-medium-file=\"https:\/\/oiger.de\/wp-content\/uploads\/25-13-PI-Fraunhofer-IWS-30000-Batterie-Zukunft-Picture-01-300x200.jpg\" data-large-file=\"https:\/\/oiger.de\/wp-content\/uploads\/25-13-PI-Fraunhofer-IWS-30000-Batterie-Zukunft-Picture-01-600x400.jpg\" class=\" wp-image-195617\" src=\"https:\/\/www.europesays.com\/de\/wp-content\/uploads\/2025\/11\/25-13-PI-Fraunhofer-IWS-30000-Batterie-Zukunft-Picture-01.jpg\" alt=\"Ein IWS-Forscher testet im Labor Zellkonzepte f\u00fcr Lithium-Schwefel-Akkus-Foto: Martin F\u00f6rste f\u00fcr das Fraunhofer IWS\" width=\"598\" height=\"398\"  \/><\/a><\/p>\n<p id=\"caption-attachment-195617\" class=\"wp-caption-text\">Ein IWS-Forscher testet im Labor Zellkonzepte f\u00fcr Lithium-Schwefel-Akkus-Foto: Martin F\u00f6rste f\u00fcr das Fraunhofer IWS<\/p>\n<p>Internationales Konsortium<\/p>\n<p>Ein weiteres Teilvorhaben widmet sich einer Schwefel-Kohlenstoff-Kompositkathode: Im Projekt \u201eAnsilis\u201c untersuchen die Unis Dresden und Jena die elektrochemischen Wechselwirkungen zwischen Elektrolyt und Aktivmaterial. Im Projekt \u201eTalissman\u201c wiederum koordiniert das baskische Institut \u201eCidetec\u201c neun Partner aus Spanien, Frankreich, Italien und Deutschland. Sie entwerfen konkrete Zellen f\u00fcr elektrische Mobilit\u00e4tsl\u00f6sungen. Das \u201eAvanced Battery Technology Center\u201c (ABTC) \u00fcbernimmt die Pilotproduktion.<\/p>\n<p>Autor: Heiko Weckbrodt<\/p>\n<p>Quellen: Fraunhofer IWS, Wikipedia, Oiger-Archiv<\/p>\n<p><img loading=\"lazy\" decoding=\"async\" width=\"285\" height=\"284\" data-attachment-id=\"80160\" data-permalink=\"https:\/\/oiger.de\/uber-uns\/oiger-001\" data-orig-file=\"https:\/\/www.europesays.com\/de\/wp-content\/uploads\/2025\/04\/Oiger-001.jpg\" data-orig-size=\"285,284\" data-comments-opened=\"0\" data-image-meta=\"{&quot;aperture&quot;:&quot;0&quot;,&quot;credit&quot;:&quot;&quot;,&quot;camera&quot;:&quot;&quot;,&quot;caption&quot;:&quot;&quot;,&quot;created_timestamp&quot;:&quot;0&quot;,&quot;copyright&quot;:&quot;&quot;,&quot;focal_length&quot;:&quot;0&quot;,&quot;iso&quot;:&quot;0&quot;,&quot;shutter_speed&quot;:&quot;0&quot;,&quot;title&quot;:&quot;&quot;,&quot;orientation&quot;:&quot;0&quot;}\" data-image-title=\"Oiger 001\" data-image-description=\"&lt;p&gt;Repro: Oiger, Original: Madeleine Arndt&lt;\/p&gt;&#10;\" data-image-caption=\"&lt;p&gt;Repro: Oiger, Original: Madeleine Arndt&lt;\/p&gt;&#10;\" data-medium-file=\"https:\/\/www.europesays.com\/de\/wp-content\/uploads\/2025\/04\/Oiger-001.jpg\" data-large-file=\"https:\/\/www.europesays.com\/de\/wp-content\/uploads\/2025\/04\/Oiger-001.jpg\" src=\"https:\/\/www.europesays.com\/de\/wp-content\/uploads\/2025\/04\/Oiger-001.jpg\" alt=\"Repro: Oiger, Original: Madeleine Arndt\" class=\"wp-image-80160\" style=\"width:130px;height:auto\"  \/><\/p>\n<p class=\"has-text-color has-link-color has-medium-font-size wp-elements-e7a7d44989b57757e168b6fff7193e32\" style=\"color:#185c84\"><strong>Ihre Unterst\u00fctzung f\u00fcr Oiger.de!<\/strong><\/p>\n<p class=\"has-text-color has-link-color wp-elements-918b69199ff2c1183b359612d6a15f37\" style=\"color:#154966\"><strong>Ohne hinreichende Finanzierung ist unabh\u00e4ngiger Journalismus nach professionellen Ma\u00dfst\u00e4ben nicht dauerhaft m\u00f6glich. Bitte unterst\u00fctzen Sie daher unsere Arbeit! Wenn Sie helfen wollen, Oiger.de aufrecht zu erhalten, senden Sie Ihren Beitrag mit dem Betreff \u201efreiwilliges Honorar\u201c via Paypal an:<\/strong><\/p>\n<p class=\"has-text-color has-link-color has-medium-font-size wp-elements-1d68a8c795acd498910475590afcb004\" style=\"color:#094d71\"><a href=\"http:\/\/paypal.me\/oigerDD\" target=\"_blank\" rel=\"noopener\"><strong>paypal.me\/oigerDD<\/strong><\/a><\/p>\n<p class=\"has-text-color has-link-color wp-elements-ff79d8b8ab8d3bdb7eb856fa4ab11715\" style=\"color:#104366\"><strong>Vielen Dank!<\/strong><\/p>\n<p>\n\t\u00c4hnliche Beitr\u00e4ge\n<\/p>\n<p>\n\t\u00c4hnliche Beitr\u00e4ge<\/p>\n","protected":false},"excerpt":{"rendered":"Lithium-Schwefel-Zellen mit Festk\u00f6rperelektrolyten. Visualisierung: KI-Bild, Fraunhofer-IWS Fraunhofer Dresden entwickelt mit Partnern feste Schwefel-Akkumulatoren Dresden, 2. November 2025. Damit&hellip;\n","protected":false},"author":2,"featured_media":545040,"comment_status":"","ping_status":"","sticky":false,"template":"","format":"standard","meta":{"footnotes":""},"categories":[1835],"tags":[19227,3964,3364,29,2386,1478,132859,132860,132861,45015,30,12728,859,132862,132863],"class_list":{"0":"post-545039","1":"post","2":"type-post","3":"status-publish","4":"format-standard","5":"has-post-thumbnail","7":"category-dresden","8":"tag-akku","9":"tag-batterie","10":"tag-de","11":"tag-deutschland","12":"tag-dresden","13":"tag-drohne","14":"tag-elektroflugzeug","15":"tag-energiedichte","16":"tag-festkoerper","17":"tag-fraunhofer","18":"tag-germany","19":"tag-lithium","20":"tag-sachsen","21":"tag-schwefel","22":"tag-superakkus"},"share_on_mastodon":{"url":"https:\/\/pubeurope.com\/@de\/115479636616693546","error":""},"_links":{"self":[{"href":"https:\/\/www.europesays.com\/de\/wp-json\/wp\/v2\/posts\/545039","targetHints":{"allow":["GET"]}}],"collection":[{"href":"https:\/\/www.europesays.com\/de\/wp-json\/wp\/v2\/posts"}],"about":[{"href":"https:\/\/www.europesays.com\/de\/wp-json\/wp\/v2\/types\/post"}],"author":[{"embeddable":true,"href":"https:\/\/www.europesays.com\/de\/wp-json\/wp\/v2\/users\/2"}],"replies":[{"embeddable":true,"href":"https:\/\/www.europesays.com\/de\/wp-json\/wp\/v2\/comments?post=545039"}],"version-history":[{"count":0,"href":"https:\/\/www.europesays.com\/de\/wp-json\/wp\/v2\/posts\/545039\/revisions"}],"wp:featuredmedia":[{"embeddable":true,"href":"https:\/\/www.europesays.com\/de\/wp-json\/wp\/v2\/media\/545040"}],"wp:attachment":[{"href":"https:\/\/www.europesays.com\/de\/wp-json\/wp\/v2\/media?parent=545039"}],"wp:term":[{"taxonomy":"category","embeddable":true,"href":"https:\/\/www.europesays.com\/de\/wp-json\/wp\/v2\/categories?post=545039"},{"taxonomy":"post_tag","embeddable":true,"href":"https:\/\/www.europesays.com\/de\/wp-json\/wp\/v2\/tags?post=545039"}],"curies":[{"name":"wp","href":"https:\/\/api.w.org\/{rel}","templated":true}]}}