{"id":545047,"date":"2025-11-02T10:32:15","date_gmt":"2025-11-02T10:32:15","guid":{"rendered":"https:\/\/www.europesays.com\/de\/545047\/"},"modified":"2025-11-02T10:32:15","modified_gmt":"2025-11-02T10:32:15","slug":"fw-e-dachstuhlbrand-in-mehrfamilienhaus-feuerwehr-essen-ueber-stunden-im-einsatz","status":"publish","type":"post","link":"https:\/\/www.europesays.com\/de\/545047\/","title":{"rendered":"FW-E: Dachstuhlbrand in Mehrfamilienhaus &#8211; Feuerwehr Essen \u00fcber Stunden im Einsatz"},"content":{"rendered":"<p class=\"date\">02.11.2025 \u2013 11:29<\/p>\n<p class=\"customer\">\n                        <a class=\"story-customer\" title=\"weiter zum newsroom von Feuerwehr Essen\" href=\"https:\/\/www.presseportal.de\/blaulicht\/nr\/56893\" rel=\"nofollow noopener\" target=\"_blank\">Feuerwehr Essen<\/a>\n                    <\/p>\n<p><a class=\"glightbox event-trigger\" href=\"https:\/\/cache.pressmailing.net\/thumbnail\/story_hires\/e5e414e3-0c14-47a4-886e-9ec336cba656\/FeuerwehrsetztezweiDrehleiternein.JPG.jpg\" data-description=\"Feuerwerh setzte zwei Drehleitern ein; Foto: Feuerwehr Essen\" data-category=\"medialightbox\" data-action=\"click\" data-label=\"single\" data-value=\"69073282270000fd2cde1537\" rel=\"nofollow noopener\" target=\"_blank\"><img decoding=\"async\" height=\"540\" with=\"720\" src=\"https:\/\/www.europesays.com\/de\/wp-content\/uploads\/2025\/11\/fw-e-dachstuhlbrand-in-mehrfamilienhaus-feuerwehr-essen-ber-stunden-im-einsatz.jpeg\"   alt=\"FW-E: Dachstuhlbrand in Mehrfamilienhaus - Feuerwehr Essen \u00fcber Stunden im Einsatz\" class=\"single\"\/><\/a><\/p>\n<p><a data-category=\"citylink-story-view\" data-action=\"click\" data-label=\"Citylink in Meldungsansicht\" class=\"story-city event-trigger\" href=\"https:\/\/www.presseportal.de\/regional\/Essen-S%FCdostviertel%2C%20Kurf%FCrstenstra%DFe%2C%2001.11.2025%2C%2017%3A00%20Uhr\" title=\"News aus Essen-S\u00fcdostviertel, Kurf\u00fcrstenstra\u00dfe, 01.11.2025, 17:00 Uhr \" rel=\"nofollow noopener\" target=\"_blank\">Essen-S\u00fcdostviertel, Kurf\u00fcrstenstra\u00dfe, 01.11.2025, 17:00 Uhr<\/a> (ots)<\/p>\n<p>Am fr\u00fchen Samstagabend meldeten mehrere Anrufer der Feuerwehr Essen um 17 Uhr Rauch und Flammen aus dem Dach eines Mehrfamilienhauses in der Kurf\u00fcrstenstra\u00dfe im Essener S\u00fcdostviertel. Mit dieser Meldung begann ein mehrst\u00fcndiger und kr\u00e4ftezehrender Einsatz f\u00fcr die Feuerwehr.<\/p>\n<p>Bereits auf der Anfahrt war eine starke Rauchentwicklung sichtbar. Zwei L\u00f6schz\u00fcge der Berufsfeuerwehr wurden zur gemeldeten Adresse entsandt. Vor Ort best\u00e4tigte sich das Lagebild der Anrufer: Dichter, pulsierender Rauch drang aus dem Dachgeschoss des Geb\u00e4udes. Das Feuer hatte sich bereits \u00fcber gro\u00dfe Teile des Dachstuhls ausgebreitet.<br \/>\nDie Einsatzkr\u00e4fte stellten umgehend sicher, dass sich keine Personen mehr im Geb\u00e4ude befanden. Alle Bewohnerinnen und Bewohner hatten das Haus bereits rechtzeitig selbstst\u00e4ndig verlassen. Zwei Personen wurden vom Rettungsdienst mit Verdacht auf eine Rauchgasvergiftung in ein Krankenhaus gebracht.<\/p>\n<p>Zur Brandbek\u00e4mpfung wurden zwei Drehleitern in Stellung gebracht, um die Flammen von au\u00dfen zu bek\u00e4mpfen. Parallel dazu drangen die Einsatzkr\u00e4fte unter Atemschutz mit einem handgef\u00fchrten Strahlrohr in das Dachgeschoss vor, um eine weitere Ausbreitung des Feuers zu verhindern. Aufgrund der hohen Brandintensit\u00e4t brannte jedoch nach kurzer Zeit die Dachhaut durch, sodass sich das Feuer rasch \u00fcber den gesamten Dachstuhl ausbreitete. Das Ziel der Feuerwehr war es, die darunterliegenden Stockwerke sowie die Nachbargeb\u00e4ude vor den Flammen zu sch\u00fctzen.<\/p>\n<p>W\u00e4hrend des Einsatzes fielen zahlreiche Dachziegel auf den Gehweg der Kurf\u00fcrstenstra\u00dfe. Dabei wurden einige parkende Fahrzeuge besch\u00e4digt. Die Feuerwehr entfernte die gef\u00e4hrdeten Autos, soweit dies m\u00f6glich war, konnte jedoch nicht alle Sch\u00e4den verhindern.<\/p>\n<p>Da das Dachgeschoss nicht mehr betreten werden konnte, musste der Brand \u00fcberwiegend von au\u00dfen bek\u00e4mpft werden. Zur Unterst\u00fctzung wurden zus\u00e4tzliche Einheiten der Freiwilligen Feuerwehr Essen alarmiert. Das Technische Hilfswerk stellte einen Fachberater zur \u00dcberpr\u00fcfung der Statik des Geb\u00e4udes bereit. Der betroffene Geb\u00e4udeteil wurde stromlos geschaltet.<\/p>\n<p>Aufgrund der Brand- und Wassersch\u00e4den ist das Haus derzeit nicht bewohnbar. Die Bewohnerinnen und Bewohner kamen bei Freunden und Bekannten unter, zwei Personen wurden in einer Notunterkunft untergebracht.<\/p>\n<p>Zur Kontrolle m\u00f6glicher Glutnester setzte die Feuerwehr W\u00e4rmebildkameras und Drohnen ein. Anschlie\u00dfend wurde das Brandgut mit L\u00f6schschaum abgedeckt. In der Nacht zu Sonntag sowie am Sonntagmorgen wurden Nachkontrollen durchgef\u00fchrt, um ein erneutes Aufflammen auszuschlie\u00dfen. Die abschlie\u00dfende Brandnachschau findet am Sonntagvormittag gegen 10 Uhr statt.<\/p>\n<p>Zur Absicherung der Einsatzstelle wurden auf der Kurf\u00fcrstenstra\u00dfe Bauz\u00e4une errichtet, da weiterhin die Gefahr durch herabfallende Dachziegel besteht.<\/p>\n<p>Die Polizei hat die Ermittlungen zur Brandursache aufgenommen.<\/p>\n<p>Die Feuerwehr Essen war mit drei L\u00f6schz\u00fcgen, mehreren Einheiten der Freiwilligen Feuerwehr, dem Rettungsdienst, dem Technischen Hilfswerk sowie Hilfsorganisationen \u00fcber viele Stunden im Einsatz.<\/p>\n<p class=\"contact-headline\">R\u00fcckfragen bitte an:<\/p>\n<p class=\"contact-text\">Feuerwehr Essen<br \/>Nico Blum<br \/>Telefon: 0201-12370104<br \/>Fax: 0201 12-3820119<br \/>E-Mail: <a href=\"https:\/\/www.presseportal.de\/blaulicht\/pm\/56893\/mailto: nico.blum@feuerwehr.essen.de\" class=\"uri-mailto\" rel=\"nofollow noopener\" target=\"_blank\"> nico.blum@feuerwehr.essen.de<\/a><br \/><a target=\"_blank\" class=\"uri-ext outbound\" rel=\"noopener nofollow\" href=\"http:\/\/www.feuerwehr-essen.com\/\">http:\/\/www.feuerwehr-essen.com\/<\/a><\/p>\n<p class=\"originator\">Original-Content von: Feuerwehr Essen, \u00fcbermittelt durch news aktuell<\/p>\n","protected":false},"excerpt":{"rendered":"02.11.2025 \u2013 11:29 Feuerwehr Essen Essen-S\u00fcdostviertel, Kurf\u00fcrstenstra\u00dfe, 01.11.2025, 17:00 Uhr (ots) Am fr\u00fchen Samstagabend meldeten mehrere Anrufer der&hellip;\n","protected":false},"author":2,"featured_media":545048,"comment_status":"","ping_status":"","sticky":false,"template":"","format":"standard","meta":{"footnotes":""},"categories":[1834],"tags":[2919,3364,29,3688,985,30,1209,176,178,180,179,181,1284],"class_list":{"0":"post-545047","1":"post","2":"type-post","3":"status-publish","4":"format-standard","5":"has-post-thumbnail","7":"category-essen","8":"tag-brand","9":"tag-de","10":"tag-deutschland","11":"tag-essen","12":"tag-feuerwehr","13":"tag-germany","14":"tag-nordrhein-westfalen","15":"tag-nrw","16":"tag-presse","17":"tag-pressemeldung","18":"tag-pressemitteilung","19":"tag-pressemitteilungen","20":"tag-unfall"},"share_on_mastodon":{"url":"https:\/\/pubeurope.com\/@de\/115479651743349359","error":""},"_links":{"self":[{"href":"https:\/\/www.europesays.com\/de\/wp-json\/wp\/v2\/posts\/545047","targetHints":{"allow":["GET"]}}],"collection":[{"href":"https:\/\/www.europesays.com\/de\/wp-json\/wp\/v2\/posts"}],"about":[{"href":"https:\/\/www.europesays.com\/de\/wp-json\/wp\/v2\/types\/post"}],"author":[{"embeddable":true,"href":"https:\/\/www.europesays.com\/de\/wp-json\/wp\/v2\/users\/2"}],"replies":[{"embeddable":true,"href":"https:\/\/www.europesays.com\/de\/wp-json\/wp\/v2\/comments?post=545047"}],"version-history":[{"count":0,"href":"https:\/\/www.europesays.com\/de\/wp-json\/wp\/v2\/posts\/545047\/revisions"}],"wp:featuredmedia":[{"embeddable":true,"href":"https:\/\/www.europesays.com\/de\/wp-json\/wp\/v2\/media\/545048"}],"wp:attachment":[{"href":"https:\/\/www.europesays.com\/de\/wp-json\/wp\/v2\/media?parent=545047"}],"wp:term":[{"taxonomy":"category","embeddable":true,"href":"https:\/\/www.europesays.com\/de\/wp-json\/wp\/v2\/categories?post=545047"},{"taxonomy":"post_tag","embeddable":true,"href":"https:\/\/www.europesays.com\/de\/wp-json\/wp\/v2\/tags?post=545047"}],"curies":[{"name":"wp","href":"https:\/\/api.w.org\/{rel}","templated":true}]}}