{"id":545061,"date":"2025-11-02T10:39:24","date_gmt":"2025-11-02T10:39:24","guid":{"rendered":"https:\/\/www.europesays.com\/de\/545061\/"},"modified":"2025-11-02T10:39:24","modified_gmt":"2025-11-02T10:39:24","slug":"hans-zimmer-konzert-in-duesseldorf-komponist-war-krank","status":"publish","type":"post","link":"https:\/\/www.europesays.com\/de\/545061\/","title":{"rendered":"Hans Zimmer Konzert in D\u00fcsseldorf: Komponist war krank"},"content":{"rendered":"<p class=\"text_ohne_einzug richtext text-em-55 !leading-serif mx-6 desktop:mx-0\">  Der Star-Komponist Hans Zimmer musste seinen Auftritt im D\u00fcsseldorfer PSD Bank Dome am Samstagabend vorzeitig beenden.<\/p>\n<p class=\"richtext text-em-55 !leading-serif mx-6 desktop:mx-0\">W\u00e4hrend Zimmer sich von der B\u00fchne verabschiedete, spielte seine Band das Konzert im Rahmen der \u201eThe Next Level\u201c-Tour zu Ende. Zuerst hatte die NRZ \u00fcber den Vorgang berichtet. Demnach war schon bei Zimmers Begr\u00fc\u00dfung dessen schwache und nuschelnde Stimme aufgefallen. Er habe sich gar Instrumente reichen und teilweise von Crew-Mitgliedern st\u00fctzen lassen m\u00fcssen. Er brachte demnach selbst Licht ins Dunkel und erkl\u00e4rte, sich eine starke Grippe eingefangen zu haben. Schlie\u00dflich verlie\u00df er die B\u00fchne. In den sozialen Medien ist an manchen Stellen davon die Rede, dass er nur die H\u00e4lfte des Konzerts schaffte. Auf Videos ist zu erkennen, wie sich der 68-j\u00e4hrige Zimmer \u2013 im Gegensatz zu den anderen Bandmitgliedern auf der B\u00fchne \u2013 nur sehr vorsichtig bewegt.<\/p>\n<p class=\"richtext text-em-55 !leading-serif mx-6 desktop:mx-0\">Das Konzert fand im Rahmen der \u201eThe Next Level\u201c-Tour statt. Sein n\u00e4chster Auftritt ist eigentlich schon f\u00fcr Montag, 3. November, in <a href=\"https:\/\/rp-online.de\/thema\/frankfurt-am-main\/\" rel=\"nofollow noopener\" target=\"_blank\">Frankfurt am Main<\/a> vorgesehen. Ob die Zeit zur Erholung reicht? Bisher wurde eine m\u00f6gliche Absage zumindest noch nicht \u00f6ffentlich bekannt.<\/p>\n","protected":false},"excerpt":{"rendered":"Der Star-Komponist Hans Zimmer musste seinen Auftritt im D\u00fcsseldorfer PSD Bank Dome am Samstagabend vorzeitig beenden. W\u00e4hrend Zimmer&hellip;\n","protected":false},"author":2,"featured_media":545062,"comment_status":"","ping_status":"","sticky":false,"template":"","format":"standard","meta":{"footnotes":""},"categories":[1831],"tags":[2294,96,3364,29,39816,3405,30,9339,1310,21314,1209,69694,27177,2884,22358],"class_list":{"0":"post-545061","1":"post","2":"type-post","3":"status-publish","4":"format-standard","5":"has-post-thumbnail","7":"category-duesseldorf","8":"tag-bank","9":"tag-buehne","10":"tag-de","11":"tag-deutschland","12":"tag-dome","13":"tag-duesseldorf","14":"tag-germany","15":"tag-hans","16":"tag-konzert","17":"tag-level","18":"tag-nordrhein-westfalen","19":"tag-psd","20":"tag-rahmen","21":"tag-tour","22":"tag-zimmer"},"share_on_mastodon":{"url":"https:\/\/pubeurope.com\/@de\/115479679065633458","error":""},"_links":{"self":[{"href":"https:\/\/www.europesays.com\/de\/wp-json\/wp\/v2\/posts\/545061","targetHints":{"allow":["GET"]}}],"collection":[{"href":"https:\/\/www.europesays.com\/de\/wp-json\/wp\/v2\/posts"}],"about":[{"href":"https:\/\/www.europesays.com\/de\/wp-json\/wp\/v2\/types\/post"}],"author":[{"embeddable":true,"href":"https:\/\/www.europesays.com\/de\/wp-json\/wp\/v2\/users\/2"}],"replies":[{"embeddable":true,"href":"https:\/\/www.europesays.com\/de\/wp-json\/wp\/v2\/comments?post=545061"}],"version-history":[{"count":0,"href":"https:\/\/www.europesays.com\/de\/wp-json\/wp\/v2\/posts\/545061\/revisions"}],"wp:featuredmedia":[{"embeddable":true,"href":"https:\/\/www.europesays.com\/de\/wp-json\/wp\/v2\/media\/545062"}],"wp:attachment":[{"href":"https:\/\/www.europesays.com\/de\/wp-json\/wp\/v2\/media?parent=545061"}],"wp:term":[{"taxonomy":"category","embeddable":true,"href":"https:\/\/www.europesays.com\/de\/wp-json\/wp\/v2\/categories?post=545061"},{"taxonomy":"post_tag","embeddable":true,"href":"https:\/\/www.europesays.com\/de\/wp-json\/wp\/v2\/tags?post=545061"}],"curies":[{"name":"wp","href":"https:\/\/api.w.org\/{rel}","templated":true}]}}