{"id":545063,"date":"2025-11-02T10:40:13","date_gmt":"2025-11-02T10:40:13","guid":{"rendered":"https:\/\/www.europesays.com\/de\/545063\/"},"modified":"2025-11-02T10:40:13","modified_gmt":"2025-11-02T10:40:13","slug":"alle-verletzten-nach-halloween-party-aus-klinik-entlassen","status":"publish","type":"post","link":"https:\/\/www.europesays.com\/de\/545063\/","title":{"rendered":"Alle Verletzten nach Halloween-Party aus Klinik entlassen"},"content":{"rendered":"<p class=\"paragraph tw-mx-auto tw-mb-6\">Nachdem auf einer Halloween-Party mehrere Menschen zusammengebrochen sind, haben inzwischen alle Verletzten das Krankenhaus wieder verlassen. Die Polizei pr\u00fcft, ob den Betroffenen K.-o.-Tropfen verabreicht wurden. Mehrere Partyg\u00e4ste waren nach Polizeiangaben ins Krankenhaus gebracht worden, da sie alle \u00fcber Symptome wie Schwindel, Unwohlsein und Bewusstlosigkeit klagten. Insgesamt seien elf Menschen von den Symptomen betroffen gewesen.<\/p>\n<p class=\"paragraph tw-mx-auto tw-mb-6\">Um K.-o.-Tropfen nachzuweisen, wurden den Betroffenen Blut und Urinproben abgenommen. Die Auswertung dauert weiter an, sagte ein Polizeisprecher. Die meist geruchs- und geschmackslose Substanz kann im Blut und Urin noch mehrere Stunden nach der Einnahme festgestellt werden. Auch die Ermittlungen zu den T\u00e4tern f\u00fchrt die Polizei fort.<\/p>\n<\/p>\n<p class=\"paragraph tw-mx-auto tw-mb-6\">Auf der \u00f6ffentlichen Feier im Stadtteil Wangen waren laut dem Hallenvermieter 1.500 bis 2.000 G\u00e4ste erwartet worden. Auf der B\u00fchne trat der Rapper Jazeek auf.<\/p>\n","protected":false},"excerpt":{"rendered":"Nachdem auf einer Halloween-Party mehrere Menschen zusammengebrochen sind, haben inzwischen alle Verletzten das Krankenhaus wieder verlassen. Die Polizei&hellip;\n","protected":false},"author":2,"featured_media":545064,"comment_status":"","ping_status":"","sticky":false,"template":"","format":"standard","meta":{"footnotes":""},"categories":[1830],"tags":[17274,84797,1634,3364,29,30,23266,1441],"class_list":{"0":"post-545063","1":"post","2":"type-post","3":"status-publish","4":"format-standard","5":"has-post-thumbnail","7":"category-stuttgart","8":"tag-brauchtum","9":"tag-halloween","10":"tag-baden-wuerttemberg","11":"tag-de","12":"tag-deutschland","13":"tag-germany","14":"tag-notfaelle","15":"tag-stuttgart"},"share_on_mastodon":{"url":"https:\/\/pubeurope.com\/@de\/115479683179532423","error":""},"_links":{"self":[{"href":"https:\/\/www.europesays.com\/de\/wp-json\/wp\/v2\/posts\/545063","targetHints":{"allow":["GET"]}}],"collection":[{"href":"https:\/\/www.europesays.com\/de\/wp-json\/wp\/v2\/posts"}],"about":[{"href":"https:\/\/www.europesays.com\/de\/wp-json\/wp\/v2\/types\/post"}],"author":[{"embeddable":true,"href":"https:\/\/www.europesays.com\/de\/wp-json\/wp\/v2\/users\/2"}],"replies":[{"embeddable":true,"href":"https:\/\/www.europesays.com\/de\/wp-json\/wp\/v2\/comments?post=545063"}],"version-history":[{"count":0,"href":"https:\/\/www.europesays.com\/de\/wp-json\/wp\/v2\/posts\/545063\/revisions"}],"wp:featuredmedia":[{"embeddable":true,"href":"https:\/\/www.europesays.com\/de\/wp-json\/wp\/v2\/media\/545064"}],"wp:attachment":[{"href":"https:\/\/www.europesays.com\/de\/wp-json\/wp\/v2\/media?parent=545063"}],"wp:term":[{"taxonomy":"category","embeddable":true,"href":"https:\/\/www.europesays.com\/de\/wp-json\/wp\/v2\/categories?post=545063"},{"taxonomy":"post_tag","embeddable":true,"href":"https:\/\/www.europesays.com\/de\/wp-json\/wp\/v2\/tags?post=545063"}],"curies":[{"name":"wp","href":"https:\/\/api.w.org\/{rel}","templated":true}]}}