{"id":545067,"date":"2025-11-02T10:42:18","date_gmt":"2025-11-02T10:42:18","guid":{"rendered":"https:\/\/www.europesays.com\/de\/545067\/"},"modified":"2025-11-02T10:42:18","modified_gmt":"2025-11-02T10:42:18","slug":"18-jaehriger-radfahrer-faehrt-ueber-rote-ampel-schwerverletzt","status":"publish","type":"post","link":"https:\/\/www.europesays.com\/de\/545067\/","title":{"rendered":"18-j\u00e4hriger Radfahrer f\u00e4hrt \u00fcber rote Ampel \u2013 schwerverletzt"},"content":{"rendered":"<p>Unfall im Frankfurter Nordend <\/p>\n<p>18-j\u00e4hriger Radfahrer f\u00e4hrt \u00fcber rote Ampel und wird schwer verletzt<\/p>\n<p>02.11.2025 &#8211; 11:21 UhrLesedauer: 1 Min.<\/p>\n<p><a href=\"#focus-0\" class=\"transition-colors duration-200 block text-current relative\" data-sctrack=\"FocusGalleryImage.Reference\"><img fetchpriority=\"high\" data-testid=\"Opener.Image\" style=\"--lqipURL:url('https:\/\/images.t-online.de\/2025\/11\/f0u52ZTtR7zL\/0x107:2048x1152\/fit-in\/150x0\/filters:blur(25)\/der-radfahrer-kam-schwer-verletzt-ins-krankenhaus-symbolbild.jpg')\"   loading=\"eager\" src=\"https:\/\/www.europesays.com\/de\/wp-content\/uploads\/2025\/11\/der-radfahrer-kam-schwer-verletzt-ins-krankenhaus-symbolbild.jpg\" alt=\"Illustration - Polizei\" title=\"Illustration - Polizei\" width=\"2048\" height=\"1152\" class=\"bg-[url:var(--lqipURL)] bg-cover bg-center flex h-full w-full max-w-full\" decoding=\"async\"\/><img style=\"--width:32;--height:32\" loading=\"lazy\" src=\"https:\/\/frankfurt.t-online.de\/s\/paper\/_next\/static\/media\/zoom-in.f7dae02f.svg\" alt=\"Vergr\u00f6\u00dfern des Bildes\" title=\"Vergr\u00f6\u00dfern des Bildes\" class=\"block h-[calc(var(--height)_\/_16_*_1rem)] w-[calc(var(--width)_\/_16_*_1rem)] max-w-none absolute bottom-8 right-8 rounded-4 bg-snow p-8\" decoding=\"async\"\/><\/a><\/p>\n<p>Ein Streifenwagen in der Nacht (Symbolbild): Der Radfahrer kam schwer verletzt ins Krankenhaus. (Quelle: Marijan Murat\/dpa\/dpa-bilder)<\/p>\n<p class=\"font-bold text-18 leading-17\">Ein junger Radfahrer \u00fcberf\u00e4hrt im Nordend mutma\u00dflich eine rote Ampel. Das hat schlimme Folgen.<\/p>\n<p class=\"text-18 leading-17\">Ein 18-j\u00e4hriger Radfahrer ist bei einem Verkehrsunfall im Frankfurter Nordend schwer verletzt worden. Nach Polizeiangaben \u00fcberfuhr der junge Mann nachts vermutlich eine rote Ampel.<\/p>\n<p class=\"text-18 leading-17\">Auf der Kreuzung erfasste ihn ein vorfahrtsberechtigtes Auto. Am Steuer sa\u00df ein 20-J\u00e4hriger. Der verletzte Radfahrer wurde in ein Krankenhaus eingeliefert. N\u00e4he Angaben zum Hergang machte die Polizei nicht.<\/p>\n","protected":false},"excerpt":{"rendered":"Unfall im Frankfurter Nordend 18-j\u00e4hriger Radfahrer f\u00e4hrt \u00fcber rote Ampel und wird schwer verletzt 02.11.2025 &#8211; 11:21 UhrLesedauer:&hellip;\n","protected":false},"author":2,"featured_media":545068,"comment_status":"","ping_status":"","sticky":false,"template":"","format":"standard","meta":{"footnotes":""},"categories":[1829],"tags":[722,17161,29,2050,2051,30,2052,27479,3416,1284],"class_list":{"0":"post-545067","1":"post","2":"type-post","3":"status-publish","4":"format-standard","5":"has-post-thumbnail","7":"category-frankfurt-am-main","8":"tag-722","9":"tag-17161","10":"tag-deutschland","11":"tag-frankfurt","12":"tag-frankfurt-am-main","13":"tag-germany","14":"tag-hessen","15":"tag-nordend","16":"tag-streifenwagen","17":"tag-unfall"},"share_on_mastodon":{"url":"https:\/\/pubeurope.com\/@de\/115479691763983270","error":""},"_links":{"self":[{"href":"https:\/\/www.europesays.com\/de\/wp-json\/wp\/v2\/posts\/545067","targetHints":{"allow":["GET"]}}],"collection":[{"href":"https:\/\/www.europesays.com\/de\/wp-json\/wp\/v2\/posts"}],"about":[{"href":"https:\/\/www.europesays.com\/de\/wp-json\/wp\/v2\/types\/post"}],"author":[{"embeddable":true,"href":"https:\/\/www.europesays.com\/de\/wp-json\/wp\/v2\/users\/2"}],"replies":[{"embeddable":true,"href":"https:\/\/www.europesays.com\/de\/wp-json\/wp\/v2\/comments?post=545067"}],"version-history":[{"count":0,"href":"https:\/\/www.europesays.com\/de\/wp-json\/wp\/v2\/posts\/545067\/revisions"}],"wp:featuredmedia":[{"embeddable":true,"href":"https:\/\/www.europesays.com\/de\/wp-json\/wp\/v2\/media\/545068"}],"wp:attachment":[{"href":"https:\/\/www.europesays.com\/de\/wp-json\/wp\/v2\/media?parent=545067"}],"wp:term":[{"taxonomy":"category","embeddable":true,"href":"https:\/\/www.europesays.com\/de\/wp-json\/wp\/v2\/categories?post=545067"},{"taxonomy":"post_tag","embeddable":true,"href":"https:\/\/www.europesays.com\/de\/wp-json\/wp\/v2\/tags?post=545067"}],"curies":[{"name":"wp","href":"https:\/\/api.w.org\/{rel}","templated":true}]}}