{"id":545075,"date":"2025-11-02T10:46:13","date_gmt":"2025-11-02T10:46:13","guid":{"rendered":"https:\/\/www.europesays.com\/de\/545075\/"},"modified":"2025-11-02T10:46:13","modified_gmt":"2025-11-02T10:46:13","slug":"nathalie-stutzmann-in-muenchen-mitreissend-muenchen","status":"publish","type":"post","link":"https:\/\/www.europesays.com\/de\/545075\/","title":{"rendered":"Nathalie Stutzmann in M\u00fcnchen: mitrei\u00dfend &#8211; M\u00fcnchen"},"content":{"rendered":"<p data-manual=\"paragraph\" data-schema-org-speakable=\"true\" class=\"css-9njfp7\">Dirigentin steht auf der Eintrittskarte hinter dem Namen Nathalie Stutzmann, aber was hei\u00dft das auf Franz\u00f6sisch? \u201eMadame le chef d&#8217;orchestre\u201c best\u00e4tigt Stutzmann beim Gespr\u00e4ch, eine raffinierte Melange aus m\u00e4nnlich-weiblich, echt franz\u00f6sisch. Nathalie Stutzmann ist eine energiegeladene Frau, gern l\u00e4chelt sie, sie ist aber auch streng. Erstmals vor dreizehn Jahren dirigierte sie ein Konzert, in Mailand. Dann triumphierte sie mit dem \u201eTannh\u00e4user\u201c in <a href=\"https:\/\/www.sueddeutsche.de\/thema\/Bayreuth\" target=\"_blank\" rel=\"noopener\">Bayreuth<\/a>, wurde Chefin der Sinfoniker in Atlanta und gab jetzt, sie ist 60 Jahre alt, ihr Deb\u00fct beim Symphonieorchester des Bayerischen Rundfunks im Herkulessaal mit einem todess\u00fcchtigen Konzeptprogramm. Nat\u00fcrlich mit Wagners \u201eTannh\u00e4user\u201c-Ouvert\u00fcre, ihr Signature-St\u00fcck quillt \u00fcber vor Humanit\u00e4t und Melodien. Dann dem farbintensiv lodernden \u201eTod und Verkl\u00e4rung\u201c (Richard Strauss). Und dem Mozart-Requiem, aus dem Stutzmann das existenzielle Erschrecken vor dem Tod unerbittlich herausmei\u00dfelt. So wuchtig und uns\u00fc\u00df ist Mozart sonst nie, so t\u00e4nzerisch, detailversessen, kontrastreich.<\/p>\n","protected":false},"excerpt":{"rendered":"Dirigentin steht auf der Eintrittskarte hinter dem Namen Nathalie Stutzmann, aber was hei\u00dft das auf Franz\u00f6sisch? \u201eMadame le&hellip;\n","protected":false},"author":2,"featured_media":545076,"comment_status":"","ping_status":"","sticky":false,"template":"","format":"standard","meta":{"footnotes":""},"categories":[1827],"tags":[772,5899,29,30,3371,2392,15202,1268,149],"class_list":{"0":"post-545075","1":"post","2":"type-post","3":"status-publish","4":"format-standard","5":"has-post-thumbnail","7":"category-muenchen","8":"tag-bayern","9":"tag-bayreuth","10":"tag-deutschland","11":"tag-germany","12":"tag-konzerte-muenchen","13":"tag-kultur-in-muenchen","14":"tag-landkreis-bayreuth","15":"tag-muenchen","16":"tag-sueddeutsche-zeitung"},"share_on_mastodon":{"url":"https:\/\/pubeurope.com\/@de\/115479706685890686","error":""},"_links":{"self":[{"href":"https:\/\/www.europesays.com\/de\/wp-json\/wp\/v2\/posts\/545075","targetHints":{"allow":["GET"]}}],"collection":[{"href":"https:\/\/www.europesays.com\/de\/wp-json\/wp\/v2\/posts"}],"about":[{"href":"https:\/\/www.europesays.com\/de\/wp-json\/wp\/v2\/types\/post"}],"author":[{"embeddable":true,"href":"https:\/\/www.europesays.com\/de\/wp-json\/wp\/v2\/users\/2"}],"replies":[{"embeddable":true,"href":"https:\/\/www.europesays.com\/de\/wp-json\/wp\/v2\/comments?post=545075"}],"version-history":[{"count":0,"href":"https:\/\/www.europesays.com\/de\/wp-json\/wp\/v2\/posts\/545075\/revisions"}],"wp:featuredmedia":[{"embeddable":true,"href":"https:\/\/www.europesays.com\/de\/wp-json\/wp\/v2\/media\/545076"}],"wp:attachment":[{"href":"https:\/\/www.europesays.com\/de\/wp-json\/wp\/v2\/media?parent=545075"}],"wp:term":[{"taxonomy":"category","embeddable":true,"href":"https:\/\/www.europesays.com\/de\/wp-json\/wp\/v2\/categories?post=545075"},{"taxonomy":"post_tag","embeddable":true,"href":"https:\/\/www.europesays.com\/de\/wp-json\/wp\/v2\/tags?post=545075"}],"curies":[{"name":"wp","href":"https:\/\/api.w.org\/{rel}","templated":true}]}}